{"id":29172,"date":"2025-11-26T19:00:00","date_gmt":"2025-11-26T18:00:00","guid":{"rendered":"https:\/\/helpfrontaliers.ch\/?p=29172"},"modified":"2026-03-14T11:36:35","modified_gmt":"2026-03-14T10:36:35","slug":"complementaire-sante-pour-frontaliers-guide-complet","status":"publish","type":"post","link":"https:\/\/helpfrontaliers.ch\/en\/guides\/complementaire-sante-pour-frontaliers-guide-complet\/","title":{"rendered":"Compl\u00e9mentaire sant\u00e9 pour les frontaliers"},"content":{"rendered":"<div data-elementor-type=\"wp-post\" data-elementor-id=\"29172\" class=\"elementor elementor-29172\">\n\t\t\t\t<div class=\"elementor-element elementor-element-219a105 e-flex e-con-boxed e-con e-parent\" data-id=\"219a105\" data-element_type=\"container\" data-e-type=\"container\">\n\t\t\t\t\t<div class=\"e-con-inner\">\n\t\t\t\t<div class=\"elementor-element-custom_font_size elementor-element-custom_font_family elementor-element-custom_color elementor-element elementor-element-bec7989 elementor-widget elementor-widget-text-editor\" data-id=\"bec7989\" data-element_type=\"widget\" data-e-type=\"widget\" data-widget_type=\"text-editor.default\">\n\t\t\t\t<div class=\"elementor-widget-container\">\n\t\t\t\t\t\t\t\t\t<h2 data-start=\"753\" data-end=\"820\">Pourquoi les frontaliers ont besoin d\u2019une compl\u00e9mentaire sant\u00e9<\/h2><p data-start=\"822\" data-end=\"866\">Travailler \u00e0 l\u2019\u00e9tranger implique souvent :<\/p><ul><li data-start=\"870\" data-end=\"964\">Des <strong data-start=\"874\" data-end=\"917\">soins m\u00e9dicaux partiellement rembours\u00e9s<\/strong> par la s\u00e9curit\u00e9 sociale fran\u00e7aise ou locale.<\/li><li data-start=\"967\" data-end=\"1056\">Des <strong data-start=\"971\" data-end=\"996\">co\u00fbts de sant\u00e9 \u00e9lev\u00e9s<\/strong> dans certains pays, notamment en Suisse ou au Luxembourg.<\/li><li data-start=\"1059\" data-end=\"1179\">La n\u00e9cessit\u00e9 de <strong data-start=\"1075\" data-end=\"1107\">compl\u00e9ter les remboursements<\/strong> pour consultations, hospitalisations, m\u00e9dicaments et soins dentaires.<\/li><\/ul>\t\t\t\t\t\t\t\t<\/div>\n\t\t\t\t<\/div>\n\t\t\t\t<div class=\"elementor-element elementor-element-45dcffb elementor-widget elementor-widget-html\" data-id=\"45dcffb\" data-element_type=\"widget\" data-e-type=\"widget\" data-widget_type=\"html.default\">\n\t\t\t\t<div class=\"elementor-widget-container\">\n\t\t\t\t\t<!-- Tip Banner -->\r\n<div class=\"hf-tip\">\r\n  <span class=\"hf-tip-icon\">\ud83d\udca1<\/span>\r\n  <span class=\"hf-tip-text\">\r\n    Sans une couverture adapt\u00e9e, m\u00eame des soins courants peuvent repr\u00e9senter une charge financi\u00e8re importante.\r\n  <\/span>\r\n<\/div>\r\n\r\n<style>\r\n  .hf-tip{\r\n    background:#f5f5fe;\r\n    border-radius:14px;\r\n    padding:12px 16px;\r\n    color:#0f172a;           \/* texte fonc\u00e9 lisible *\/\r\n    font: 500 14px\/1.5 \"Poppins\", system-ui, -apple-system, Segoe UI, Roboto, Arial, sans-serif;\r\n    display:flex;\r\n    align-items:center;\r\n    gap:10px;\r\n    box-shadow: 0 6px 18px -12px rgba(16,24,40,.22);\r\n    max-width: 100%;\r\n  }\r\n  .hf-tip-icon{ font-size:18px; line-height:1; }\r\n  .hf-tip-text{ display:inline-block; }\r\n<\/style>\r\n\t\t\t\t<\/div>\n\t\t\t\t<\/div>\n\t\t\t\t\t<\/div>\n\t\t\t\t<\/div>\n\t\t<div class=\"elementor-element elementor-element-08e2fc2 e-flex e-con-boxed e-con e-parent\" data-id=\"08e2fc2\" data-element_type=\"container\" data-e-type=\"container\">\n\t\t\t\t\t<div class=\"e-con-inner\">\n\t\t\t\t<div class=\"elementor-element-custom_font_size elementor-element-custom_font_family elementor-element-custom_color elementor-element elementor-element-b3ded51 elementor-widget elementor-widget-text-editor\" data-id=\"b3ded51\" data-element_type=\"widget\" data-e-type=\"widget\" data-widget_type=\"text-editor.default\">\n\t\t\t\t<div class=\"elementor-widget-container\">\n\t\t\t\t\t\t\t\t\t<h2 data-start=\"1296\" data-end=\"1364\">Les crit\u00e8res pour choisir sa compl\u00e9mentaire sant\u00e9 de frontalier<\/h2><p data-start=\"1366\" data-end=\"1433\">Pour s\u00e9lectionner la meilleure compl\u00e9mentaire sant\u00e9, consid\u00e9rez :<\/p><ol><li data-start=\"1438\" data-end=\"1529\"><strong data-start=\"1438\" data-end=\"1463\">Votre pays de travail<\/strong> et le niveau de remboursement n\u00e9cessaire pour les soins locaux.<\/li><li data-start=\"1533\" data-end=\"1644\"><strong data-start=\"1533\" data-end=\"1572\">Vos besoins personnels et familiaux<\/strong> : consultations m\u00e9dicales, soins dentaires, optique, hospitalisation.<\/li><li data-start=\"1648\" data-end=\"1732\"><strong data-start=\"1648\" data-end=\"1680\">Le co\u00fbt de la compl\u00e9mentaire<\/strong> : choisir un \u00e9quilibre entre tarif et couverture.<\/li><li data-start=\"1736\" data-end=\"1833\"><strong data-start=\"1736\" data-end=\"1759\">Les services inclus<\/strong> : assistance, pr\u00e9vention, gestion en ligne et support en cas de besoin.<\/li><\/ol>\t\t\t\t\t\t\t\t<\/div>\n\t\t\t\t<\/div>\n\t\t\t\t<div class=\"elementor-element elementor-element-71b15be elementor-widget elementor-widget-html\" data-id=\"71b15be\" data-element_type=\"widget\" data-e-type=\"widget\" data-widget_type=\"html.default\">\n\t\t\t\t<div class=\"elementor-widget-container\">\n\t\t\t\t\t<!-- Tip Banner -->\r\n<div class=\"hf-tip\">\r\n  <span class=\"hf-tip-icon\">\ud83d\udca1<\/span>\r\n  <span class=\"hf-tip-text\">\r\n    Astuce : certains assureurs proposent des formules sp\u00e9cialement con\u00e7ues pour les frontaliers, couvrant \u00e0 la fois la France et le pays de travail.\r\n  <\/span>\r\n<\/div>\r\n\r\n<style>\r\n  .hf-tip{\r\n    background:#f5f5fe;\r\n    border-radius:14px;\r\n    padding:12px 16px;\r\n    color:#0f172a;           \/* texte fonc\u00e9 lisible *\/\r\n    font: 500 14px\/1.5 \"Poppins\", system-ui, -apple-system, Segoe UI, Roboto, Arial, sans-serif;\r\n    display:flex;\r\n    align-items:center;\r\n    gap:10px;\r\n    box-shadow: 0 6px 18px -12px rgba(16,24,40,.22);\r\n    max-width: 100%;\r\n  }\r\n  .hf-tip-icon{ font-size:18px; line-height:1; }\r\n  .hf-tip-text{ display:inline-block; }\r\n<\/style>\r\n\t\t\t\t<\/div>\n\t\t\t\t<\/div>\n\t\t\t\t\t<\/div>\n\t\t\t\t<\/div>\n\t\t<div class=\"elementor-element elementor-element-7ead6a0 e-flex e-con-boxed e-con e-parent\" data-id=\"7ead6a0\" data-element_type=\"container\" data-e-type=\"container\">\n\t\t\t\t\t<div class=\"e-con-inner\">\n\t\t\t\t<div class=\"elementor-element-custom_font_size elementor-element-custom_font_family elementor-element-custom_color elementor-element elementor-element-905366a elementor-widget elementor-widget-text-editor\" data-id=\"905366a\" data-element_type=\"widget\" data-e-type=\"widget\" data-widget_type=\"text-editor.default\">\n\t\t\t\t<div class=\"elementor-widget-container\">\n\t\t\t\t\t\t\t\t\t<h3 data-start=\"1996\" data-end=\"2054\">Avantages d\u2019une compl\u00e9mentaire sant\u00e9 pour frontaliers<\/h3><ul><li data-start=\"2058\" data-end=\"2151\"><strong data-start=\"2058\" data-end=\"2086\">Remboursements optimis\u00e9s<\/strong> : couvre les frais non pris en charge par la s\u00e9curit\u00e9 sociale.<\/li><li data-start=\"2154\" data-end=\"2252\"><strong data-start=\"2154\" data-end=\"2185\">Couverture transfrontali\u00e8re<\/strong> : soins en France et dans le pays de travail sans complications.<\/li><li data-start=\"2255\" data-end=\"2327\"><strong data-start=\"2255\" data-end=\"2280\">Tranquillit\u00e9 d\u2019esprit<\/strong> : prise en charge rapide des soins impr\u00e9vus.<\/li><li data-start=\"2330\" data-end=\"2435\"><strong data-start=\"2330\" data-end=\"2356\">Services et assistance<\/strong> : conseils sant\u00e9, gestion simplifi\u00e9e du contrat et suivi des remboursements.<\/li><\/ul>\t\t\t\t\t\t\t\t<\/div>\n\t\t\t\t<\/div>\n\t\t\t\t\t<\/div>\n\t\t\t\t<\/div>\n\t\t<div class=\"elementor-element elementor-element-e7c7f0b e-flex e-con-boxed e-con e-parent\" data-id=\"e7c7f0b\" data-element_type=\"container\" data-e-type=\"container\">\n\t\t\t\t\t<div class=\"e-con-inner\">\n\t\t\t\t<div class=\"elementor-element-custom_font_size elementor-element-custom_font_family elementor-element-custom_color elementor-element elementor-element-0c24891 elementor-widget elementor-widget-text-editor\" data-id=\"0c24891\" data-element_type=\"widget\" data-e-type=\"widget\" data-widget_type=\"text-editor.default\">\n\t\t\t\t<div class=\"elementor-widget-container\">\n\t\t\t\t\t\t\t\t\t<h3 data-start=\"2442\" data-end=\"2488\">Solutions populaires pour les frontaliers<\/h3><p data-start=\"2490\" data-end=\"2569\">Plusieurs solutions sont disponibles pour les travailleurs transfrontaliers :<\/p><ul><li data-start=\"2573\" data-end=\"2624\"><strong data-start=\"2573\" data-end=\"2597\">Mutuelles classiques<\/strong> adapt\u00e9es aux frontaliers<\/li><li data-start=\"2627\" data-end=\"2703\"><strong data-start=\"2627\" data-end=\"2654\">Assurances sp\u00e9cialis\u00e9es<\/strong> offrant des remboursements dans plusieurs pays<\/li><li data-start=\"2706\" data-end=\"2783\"><strong data-start=\"2706\" data-end=\"2739\">Compl\u00e9mentaires sant\u00e9 priv\u00e9es<\/strong> avec avantages fiscaux ou packs familiaux<\/li><\/ul>\t\t\t\t\t\t\t\t<\/div>\n\t\t\t\t<\/div>\n\t\t\t\t\t<\/div>\n\t\t\t\t<\/div>\n\t\t<div class=\"elementor-element elementor-element-002959e e-flex e-con-boxed e-con e-parent\" data-id=\"002959e\" data-element_type=\"container\" data-e-type=\"container\">\n\t\t\t\t\t<div class=\"e-con-inner\">\n\t\t\t\t<div class=\"elementor-element elementor-element-14228d6 elementor-widget elementor-widget-html\" data-id=\"14228d6\" data-element_type=\"widget\" data-e-type=\"widget\" data-widget_type=\"html.default\">\n\t\t\t\t<div class=\"elementor-widget-container\">\n\t\t\t\t\t<!-- Tip Banner -->\r\n<div class=\"hf-tip\">\r\n  <span class=\"hf-tip-icon\">\ud83d\udca1<\/span>\r\n  <span class=\"hf-tip-text\">\r\n    L\u2019important est de choisir une solution qui combine s\u00e9curit\u00e9 financi\u00e8re, simplicit\u00e9 et couverture compl\u00e8te, pour vous prot\u00e9ger et prot\u00e9ger vos proches.\r\n  <\/span>\r\n<\/div>\r\n\r\n<style>\r\n  .hf-tip{\r\n    background:#f5f5fe;\r\n    border-radius:14px;\r\n    padding:12px 16px;\r\n    color:#0f172a;           \/* texte fonc\u00e9 lisible *\/\r\n    font: 500 14px\/1.5 \"Poppins\", system-ui, -apple-system, Segoe UI, Roboto, Arial, sans-serif;\r\n    display:flex;\r\n    align-items:center;\r\n    gap:10px;\r\n    box-shadow: 0 6px 18px -12px rgba(16,24,40,.22);\r\n    max-width: 100%;\r\n  }\r\n  .hf-tip-icon{ font-size:18px; line-height:1; }\r\n  .hf-tip-text{ display:inline-block; }\r\n<\/style>\r\n\t\t\t\t<\/div>\n\t\t\t\t<\/div>\n\t\t\t\t\t<\/div>\n\t\t\t\t<\/div>\n\t\t<div class=\"elementor-element elementor-element-9de063c e-flex e-con-boxed e-con e-parent\" data-id=\"9de063c\" data-element_type=\"container\" data-e-type=\"container\">\n\t\t\t\t\t<div class=\"e-con-inner\">\n\t\t\t\t<div class=\"elementor-element-custom_font_size elementor-element-custom_font_family elementor-element-custom_color elementor-element elementor-element-1d930e7 elementor-widget elementor-widget-text-editor\" data-id=\"1d930e7\" data-element_type=\"widget\" data-e-type=\"widget\" data-widget_type=\"text-editor.default\">\n\t\t\t\t<div class=\"elementor-widget-container\">\n\t\t\t\t\t\t\t\t\t<h3 data-start=\"2952\" data-end=\"2967\">Conclusion<\/h3><p data-start=\"2969\" data-end=\"3278\">Pour un <strong data-start=\"2977\" data-end=\"2991\">frontalier<\/strong>, souscrire \u00e0 une compl\u00e9mentaire sant\u00e9 est une \u00e9tape cl\u00e9 pour g\u00e9rer ses soins m\u00e9dicaux sans stress et \u00e9viter des frais impr\u00e9vus. En choisissant une formule adapt\u00e9e, vous assurez <strong data-start=\"3169\" data-end=\"3236\">une protection compl\u00e8te en France et dans votre pays de travail<\/strong>, tout en optimisant vos remboursements.<\/p>\t\t\t\t\t\t\t\t<\/div>\n\t\t\t\t<\/div>\n\t\t\t\t\t<\/div>\n\t\t\t\t<\/div>\n\t\t<div class=\"elementor-element elementor-element-be68005 e-flex e-con-boxed e-con e-parent\" data-id=\"be68005\" data-element_type=\"container\" data-e-type=\"container\">\n\t\t\t\t\t<div class=\"e-con-inner\">\n\t\t\t\t<div class=\"elementor-element elementor-element-f98d13f elementor-widget elementor-widget-spacer\" data-id=\"f98d13f\" data-element_type=\"widget\" data-e-type=\"widget\" data-widget_type=\"spacer.default\">\n\t\t\t\t<div class=\"elementor-widget-container\">\n\t\t\t\t\t\t\t<div class=\"elementor-spacer\">\n\t\t\t<div class=\"elementor-spacer-inner\"><\/div>\n\t\t<\/div>\n\t\t\t\t\t\t<\/div>\n\t\t\t\t<\/div>\n\t\t\t\t<div class=\"elementor-element elementor-element-58fa226 elementor-align-center elementor-widget elementor-widget-button\" data-id=\"58fa226\" data-element_type=\"widget\" data-e-type=\"widget\" data-widget_type=\"button.default\">\n\t\t\t\t<div class=\"elementor-widget-container\">\n\t\t\t\t\t\t\t\t\t<div class=\"elementor-button-wrapper\">\n\t\t\t\t\t<a class=\"elementor-button elementor-button-link elementor-size-sm\" href=\"https:\/\/helpfrontaliers.ch\/en\/frontaliers\/mutuelle-sante\/\">\n\t\t\t\t\t\t<span class=\"elementor-button-content-wrapper\">\n\t\t\t\t\t\t\t\t\t<span class=\"elementor-button-text\">Find out more<\/span>\n\t\t\t\t\t<\/span>\n\t\t\t\t\t<\/a>\n\t\t\t\t<\/div>\n\t\t\t\t\t\t\t\t<\/div>\n\t\t\t\t<\/div>\n\t\t\t\t<div class=\"elementor-element elementor-element-397dfe2 elementor-widget elementor-widget-heading\" data-id=\"397dfe2\" data-element_type=\"widget\" data-e-type=\"widget\" data-widget_type=\"heading.default\">\n\t\t\t\t<div class=\"elementor-widget-container\">\n\t\t\t\t\t<h4 class=\"elementor-heading-title elementor-size-default\">Foire aux questions<\/h4>\t\t\t\t<\/div>\n\t\t\t\t<\/div>\n\t\t\t\t\t<\/div>\n\t\t\t\t<\/div>\n\t\t<div class=\"elementor-element elementor-element-4cfb9ba e-flex e-con-boxed e-con e-parent\" data-id=\"4cfb9ba\" data-element_type=\"container\" data-e-type=\"container\">\n\t\t\t\t\t<div class=\"e-con-inner\">\n\t\t\t\t<div class=\"elementor-element elementor-element-897eb43 elementor-widget elementor-widget-toggle\" data-id=\"897eb43\" data-element_type=\"widget\" data-e-type=\"widget\" data-widget_type=\"toggle.default\">\n\t\t\t\t<div class=\"elementor-widget-container\">\n\t\t\t\t\t\t\t<div class=\"elementor-toggle\">\n\t\t\t\t\t\t\t<div class=\"elementor-toggle-item\">\n\t\t\t\t\t<div id=\"elementor-tab-title-1441\" class=\"elementor-tab-title\" data-tab=\"1\" role=\"button\" aria-controls=\"elementor-tab-content-1441\" aria-expanded=\"false\">\n\t\t\t\t\t\t\t\t\t\t\t\t<span class=\"elementor-toggle-icon elementor-toggle-icon-left\" aria-hidden=\"true\">\n\t\t\t\t\t\t\t\t\t\t\t\t\t\t\t<span class=\"elementor-toggle-icon-closed\"><i class=\"fas fa-caret-down\"><\/i><\/span>\n\t\t\t\t\t\t\t\t<span class=\"elementor-toggle-icon-opened\"><i class=\"elementor-toggle-icon-opened fas fa-caret-up\"><\/i><\/span>\n\t\t\t\t\t\t\t\t\t\t\t\t\t<\/span>\n\t\t\t\t\t\t\t\t\t\t\t\t<a class=\"elementor-toggle-title\" tabindex=\"0\">Qu\u2019est-ce qu\u2019une compl\u00e9mentaire sant\u00e9 pour frontalier ?<\/a>\n\t\t\t\t\t<\/div>\n\n\t\t\t\t\t<div id=\"elementor-tab-content-1441\" class=\"elementor-tab-content elementor-clearfix\" data-tab=\"1\" role=\"region\" aria-labelledby=\"elementor-tab-title-1441\"><p data-start=\"206\" data-end=\"396\">C\u2019est un contrat qui vient compl\u00e9ter votre assurance de base (LAMal ou CMU). Elle couvre les frais peu ou pas rembours\u00e9s : dentaire, optique, hospitalisation, d\u00e9passements d\u2019honoraires, etc.<\/p><\/div>\n\t\t\t\t<\/div>\n\t\t\t\t\t\t\t<div class=\"elementor-toggle-item\">\n\t\t\t\t\t<div id=\"elementor-tab-title-1442\" class=\"elementor-tab-title\" data-tab=\"2\" role=\"button\" aria-controls=\"elementor-tab-content-1442\" aria-expanded=\"false\">\n\t\t\t\t\t\t\t\t\t\t\t\t<span class=\"elementor-toggle-icon elementor-toggle-icon-left\" aria-hidden=\"true\">\n\t\t\t\t\t\t\t\t\t\t\t\t\t\t\t<span class=\"elementor-toggle-icon-closed\"><i class=\"fas fa-caret-down\"><\/i><\/span>\n\t\t\t\t\t\t\t\t<span class=\"elementor-toggle-icon-opened\"><i class=\"elementor-toggle-icon-opened fas fa-caret-up\"><\/i><\/span>\n\t\t\t\t\t\t\t\t\t\t\t\t\t<\/span>\n\t\t\t\t\t\t\t\t\t\t\t\t<a class=\"elementor-toggle-title\" tabindex=\"0\">Est-elle obligatoire quand on est frontalier ?<\/a>\n\t\t\t\t\t<\/div>\n\n\t\t\t\t\t<div id=\"elementor-tab-content-1442\" class=\"elementor-tab-content elementor-clearfix\" data-tab=\"2\" role=\"region\" aria-labelledby=\"elementor-tab-title-1442\"><p data-start=\"463\" data-end=\"639\">Non, elle n\u2019est pas obligatoire, mais fortement recommand\u00e9e. L\u2019assurance de base laisse souvent des restes \u00e0 charge importants, surtout pour des soins sp\u00e9cialis\u00e9s.<\/p><\/div>\n\t\t\t\t<\/div>\n\t\t\t\t\t\t\t<div class=\"elementor-toggle-item\">\n\t\t\t\t\t<div id=\"elementor-tab-title-1443\" class=\"elementor-tab-title\" data-tab=\"3\" role=\"button\" aria-controls=\"elementor-tab-content-1443\" aria-expanded=\"false\">\n\t\t\t\t\t\t\t\t\t\t\t\t<span class=\"elementor-toggle-icon elementor-toggle-icon-left\" aria-hidden=\"true\">\n\t\t\t\t\t\t\t\t\t\t\t\t\t\t\t<span class=\"elementor-toggle-icon-closed\"><i class=\"fas fa-caret-down\"><\/i><\/span>\n\t\t\t\t\t\t\t\t<span class=\"elementor-toggle-icon-opened\"><i class=\"elementor-toggle-icon-opened fas fa-caret-up\"><\/i><\/span>\n\t\t\t\t\t\t\t\t\t\t\t\t\t<\/span>\n\t\t\t\t\t\t\t\t\t\t\t\t<a class=\"elementor-toggle-title\" tabindex=\"0\">Quels sont les avantages d\u2019une compl\u00e9mentaire d\u00e9di\u00e9e aux frontaliers ?<\/a>\n\t\t\t\t\t<\/div>\n\n\t\t\t\t\t<div id=\"elementor-tab-content-1443\" class=\"elementor-tab-content elementor-clearfix\" data-tab=\"3\" role=\"region\" aria-labelledby=\"elementor-tab-title-1443\"><p data-start=\"730\" data-end=\"982\">Elle propose des garanties adapt\u00e9es \u00e0 la double prise en charge France\/Suisse : meilleure couverture hospitali\u00e8re, remboursements renforc\u00e9s en dentaire\/optique, prise en charge des soins en Suisse, acc\u00e8s \u00e0 des niveaux de confort ou de soins sup\u00e9rieurs.<\/p><\/div>\n\t\t\t\t<\/div>\n\t\t\t\t\t\t\t<div class=\"elementor-toggle-item\">\n\t\t\t\t\t<div id=\"elementor-tab-title-1444\" class=\"elementor-tab-title\" data-tab=\"4\" role=\"button\" aria-controls=\"elementor-tab-content-1444\" aria-expanded=\"false\">\n\t\t\t\t\t\t\t\t\t\t\t\t<span class=\"elementor-toggle-icon elementor-toggle-icon-left\" aria-hidden=\"true\">\n\t\t\t\t\t\t\t\t\t\t\t\t\t\t\t<span class=\"elementor-toggle-icon-closed\"><i class=\"fas fa-caret-down\"><\/i><\/span>\n\t\t\t\t\t\t\t\t<span class=\"elementor-toggle-icon-opened\"><i class=\"elementor-toggle-icon-opened fas fa-caret-up\"><\/i><\/span>\n\t\t\t\t\t\t\t\t\t\t\t\t\t<\/span>\n\t\t\t\t\t\t\t\t\t\t\t\t<a class=\"elementor-toggle-title\" tabindex=\"0\">LAMal ou CMU : le choix influence-t-il ma compl\u00e9mentaire ?<\/a>\n\t\t\t\t\t<\/div>\n\n\t\t\t\t\t<div id=\"elementor-tab-content-1444\" class=\"elementor-tab-content elementor-clearfix\" data-tab=\"4\" role=\"region\" aria-labelledby=\"elementor-tab-title-1444\"><p data-start=\"1061\" data-end=\"1141\">Oui. Les compl\u00e9mentaires ne couvrent pas les m\u00eames besoins selon votre r\u00e9gime.<\/p><ul><li data-start=\"1144\" data-end=\"1252\">Avec la <strong data-start=\"1149\" data-end=\"1158\">LAMal<\/strong>, la compl\u00e9mentaire compense souvent la franchise et les limites de remboursement en Suisse.<\/li><li data-start=\"1144\" data-end=\"1252\">Avec la <strong data-start=\"1260\" data-end=\"1267\">CMU<\/strong>, elle renforce surtout la couverture en France : d\u00e9passements d\u2019honoraires, hospitalisation, dentaire, optique\u2026<\/li><\/ul><\/div>\n\t\t\t\t<\/div>\n\t\t\t\t\t\t\t<div class=\"elementor-toggle-item\">\n\t\t\t\t\t<div id=\"elementor-tab-title-1445\" class=\"elementor-tab-title\" data-tab=\"5\" role=\"button\" aria-controls=\"elementor-tab-content-1445\" aria-expanded=\"false\">\n\t\t\t\t\t\t\t\t\t\t\t\t<span class=\"elementor-toggle-icon elementor-toggle-icon-left\" aria-hidden=\"true\">\n\t\t\t\t\t\t\t\t\t\t\t\t\t\t\t<span class=\"elementor-toggle-icon-closed\"><i class=\"fas fa-caret-down\"><\/i><\/span>\n\t\t\t\t\t\t\t\t<span class=\"elementor-toggle-icon-opened\"><i class=\"elementor-toggle-icon-opened fas fa-caret-up\"><\/i><\/span>\n\t\t\t\t\t\t\t\t\t\t\t\t\t<\/span>\n\t\t\t\t\t\t\t\t\t\t\t\t<a class=\"elementor-toggle-title\" tabindex=\"0\">Comment choisir la bonne compl\u00e9mentaire sant\u00e9 pour frontalier ?<\/a>\n\t\t\t\t\t<\/div>\n\n\t\t\t\t\t<div id=\"elementor-tab-content-1445\" class=\"elementor-tab-content elementor-clearfix\" data-tab=\"5\" role=\"region\" aria-labelledby=\"elementor-tab-title-1445\"><p data-start=\"1463\" data-end=\"1483\">Il faut comparer :<\/p><ul><li data-start=\"1486\" data-end=\"1558\">Le niveau de couverture souhait\u00e9 (dentaire, optique, hospitalisation).<\/li><li data-start=\"1561\" data-end=\"1609\">Les remboursements en France <strong data-start=\"1590\" data-end=\"1596\">et<\/strong> en Suisse.<\/li><li data-start=\"1612\" data-end=\"1667\">Les plafonds annuels, d\u00e9lais d\u2019attente et exclusions.<\/li><li data-start=\"1670\" data-end=\"1758\">Le rapport qualit\u00e9\/prix selon votre situation (seul, famille, enfants, soins r\u00e9guliers).<\/li><\/ul><\/div>\n\t\t\t\t<\/div>\n\t\t\t\t\t\t\t\t<\/div>\n\t\t\t\t\t\t<\/div>\n\t\t\t\t<\/div>\n\t\t\t\t<div class=\"elementor-element elementor-element-2e2efc6 elementor-widget elementor-widget-html\" data-id=\"2e2efc6\" data-element_type=\"widget\" data-e-type=\"widget\" data-widget_type=\"html.default\">\n\t\t\t\t<div class=\"elementor-widget-container\">\n\t\t\t\t\t<!-- Conseil Banner -->\r\n<div class=\"hf-banner\">\r\n  <h3>Besoin d\u2019un conseil ? <\/h3>\r\n  <p>\r\n    Vous avez des questions ? Contactez nous !<br \/>\r\n    Nous pourrons vous r\u00e9pondre par email ou par t\u00e9l\u00e9phone. Nos services accompagnent de nombreux frontaliers dans leurs d\u00e9marches administratives, sant\u00e9 etc... \r\n  <\/p>\r\n  <a href=\"\/en\/nous-contacter\/\" class=\"hf-btn\">Contact<\/a>\r\n<\/div>\r\n\r\n<style>\r\n  .hf-banner {\r\n    background:#234981; \/* bleu de fond *\/\r\n    border-radius:14px;\r\n    padding:32px 24px;\r\n    text-align:center;\r\n    color:#fff;\r\n    max-width:880px;\r\n    margin:20px auto;\r\n    font-family:\"Poppins\", system-ui, sans-serif;\r\n  }\r\n\r\n  .hf-banner h3 {\r\n    margin:0 0 16px;\r\n    font-size:20px;\r\n    font-weight:700;\r\n    color:#fff; \/* titre en blanc *\/\r\n  }\r\n\r\n  .hf-banner p {\r\n    font-size:14px;\r\n    line-height:1.6;\r\n    margin:0 0 20px;\r\n  }\r\n\r\n  .hf-btn {\r\n    display:inline-block;\r\n    background:#fff;\r\n    color:#000;\r\n    font-size:15px;\r\n    font-weight:600;\r\n    text-decoration:none;\r\n    padding:5px 38px; \/* plus grand padding *\/\r\n    border-radius:40px; \/* arrondi style pill *\/\r\n    box-shadow:0 3px 8px rgba(0,0,0,0.15);\r\n    transition:all .25s ease;\r\n  }\r\n\r\n  .hf-btn:hover {\r\n    background:#f5f5f5;\r\n    color:#234981;\r\n  }\r\n<\/style>\r\n\t\t\t\t<\/div>\n\t\t\t\t<\/div>\n\t\t\t\t\t<\/div>\n\t\t\t\t<\/div>\n\t\t\t\t<\/div>","protected":false},"excerpt":{"rendered":"<p>Pourquoi les frontaliers ont besoin d\u2019une compl\u00e9mentaire sant\u00e9 Travailler \u00e0 l\u2019\u00e9tranger implique souvent : Des soins m\u00e9dicaux partiellement rembours\u00e9s par la s\u00e9curit\u00e9 sociale fran\u00e7aise ou locale. Des co\u00fbts de sant\u00e9 \u00e9lev\u00e9s dans certains pays, notamment en Suisse ou au Luxembourg. La n\u00e9cessit\u00e9 de compl\u00e9ter les remboursements pour consultations, hospitalisations, m\u00e9dicaments et soins dentaires. \ud83d\udca1 Sans [&hellip;]<\/p>\n","protected":false},"author":3,"featured_media":29173,"comment_status":"open","ping_status":"closed","sticky":false,"template":"","format":"standard","meta":{"_hf_hero_excerpt":"Si vous \u00eates frontalier, vous travaillez dans un pays voisin (Suisse, Allemagne, Luxembourg ou Belgique) tout en r\u00e9sidant en France. Dans ce contexte, une compl\u00e9mentaire sant\u00e9 adapt\u00e9e est essentielle pour prot\u00e9ger votre sant\u00e9 et \u00e9viter les frais m\u00e9dicaux impr\u00e9vus.","_hf_hero_enabled":true,"footnotes":""},"categories":[113],"tags":[93,94],"class_list":["post-29172","post","type-post","status-publish","format-standard","has-post-thumbnail","hentry","category-guides","tag-complementaire","tag-mutuelle-frontalier-suisse"],"_links":{"self":[{"href":"https:\/\/helpfrontaliers.ch\/en\/wp-json\/wp\/v2\/posts\/29172","targetHints":{"allow":["GET"]}}],"collection":[{"href":"https:\/\/helpfrontaliers.ch\/en\/wp-json\/wp\/v2\/posts"}],"about":[{"href":"https:\/\/helpfrontaliers.ch\/en\/wp-json\/wp\/v2\/types\/post"}],"author":[{"embeddable":true,"href":"https:\/\/helpfrontaliers.ch\/en\/wp-json\/wp\/v2\/users\/3"}],"replies":[{"embeddable":true,"href":"https:\/\/helpfrontaliers.ch\/en\/wp-json\/wp\/v2\/comments?post=29172"}],"version-history":[{"count":0,"href":"https:\/\/helpfrontaliers.ch\/en\/wp-json\/wp\/v2\/posts\/29172\/revisions"}],"wp:featuredmedia":[{"embeddable":true,"href":"https:\/\/helpfrontaliers.ch\/en\/wp-json\/wp\/v2\/media\/29173"}],"wp:attachment":[{"href":"https:\/\/helpfrontaliers.ch\/en\/wp-json\/wp\/v2\/media?parent=29172"}],"wp:term":[{"taxonomy":"category","embeddable":true,"href":"https:\/\/helpfrontaliers.ch\/en\/wp-json\/wp\/v2\/categories?post=29172"},{"taxonomy":"post_tag","embeddable":true,"href":"https:\/\/helpfrontaliers.ch\/en\/wp-json\/wp\/v2\/tags?post=29172"}],"curies":[{"name":"wp","href":"https:\/\/api.w.org\/{rel}","templated":true}]}}