{"id":47221,"date":"2025-12-03T09:00:00","date_gmt":"2025-12-03T08:00:00","guid":{"rendered":"https:\/\/helpfrontaliers.ch\/?p=47221"},"modified":"2026-03-14T11:36:27","modified_gmt":"2026-03-14T10:36:27","slug":"chomage-en-suisse-pdu1-recuperation-lpp-ce-quil-faut-savoir","status":"publish","type":"post","link":"https:\/\/helpfrontaliers.ch\/en\/guides\/chomage-en-suisse-pdu1-recuperation-lpp-ce-quil-faut-savoir\/","title":{"rendered":"Ch\u00f4mage en Suisse, PDU1 &#038; r\u00e9cup\u00e9ration LPP : ce qu\u2019il faut savoir"},"content":{"rendered":"<div data-elementor-type=\"wp-post\" data-elementor-id=\"47221\" class=\"elementor elementor-47221\">\n\t\t\t\t<div class=\"elementor-element elementor-element-08e2fc2 e-flex e-con-boxed e-con e-parent\" data-id=\"08e2fc2\" data-element_type=\"container\" data-e-type=\"container\">\n\t\t\t\t\t<div class=\"e-con-inner\">\n\t\t\t\t<div class=\"elementor-element-custom_font_size elementor-element-custom_font_family elementor-element-custom_color elementor-element elementor-element-b3ded51 elementor-widget elementor-widget-text-editor\" data-id=\"b3ded51\" data-element_type=\"widget\" data-e-type=\"widget\" data-widget_type=\"text-editor.default\">\n\t\t\t\t<div class=\"elementor-widget-container\">\n\t\t\t\t\t\t\t\t\t<h3 data-start=\"1061\" data-end=\"1095\">1. Comprendre le ch\u00f4mage en Suisse pour un frontalier<\/h3><p data-start=\"867\" data-end=\"1142\">Si vous travaillez en Suisse, vous cotisez automatiquement \u00e0 l\u2019assurance ch\u00f4mage. En cas de licenciement ou de fin de contrat, vous pouvez pr\u00e9tendre \u00e0 des <strong data-start=\"1022\" data-end=\"1044\">indemnit\u00e9s ch\u00f4mage<\/strong>, mais pour les frontaliers, le calcul et le versement d\u00e9pendent de votre <strong data-start=\"1118\" data-end=\"1139\">pays de r\u00e9sidence<\/strong>.<\/p><ul><li data-start=\"1146\" data-end=\"1239\">Les cotisations en Suisse sont prises en compte pour d\u00e9terminer le montant des allocations.<\/li><li data-start=\"1242\" data-end=\"1338\">Selon votre canton et votre salaire, la dur\u00e9e et le montant de l\u2019indemnisation peuvent varier.<\/li><li data-start=\"1341\" data-end=\"1447\">La Suisse et la France ont des r\u00e8gles de coordination qui permettent d\u2019\u00e9viter les interruptions de droits.<\/li><\/ul>\t\t\t\t\t\t\t\t<\/div>\n\t\t\t\t<\/div>\n\t\t\t\t<div class=\"elementor-element elementor-element-45dcffb elementor-widget elementor-widget-html\" data-id=\"45dcffb\" data-element_type=\"widget\" data-e-type=\"widget\" data-widget_type=\"html.default\">\n\t\t\t\t<div class=\"elementor-widget-container\">\n\t\t\t\t\t<!-- Tip Banner -->\r\n<div class=\"hf-tip\">\r\n  <span class=\"hf-tip-icon\">\ud83d\udca1<\/span>\r\n  <span class=\"hf-tip-text\">\r\n    Conseil pratique : Inscrivez-vous imm\u00e9diatement aupr\u00e8s des autorit\u00e9s de ch\u00f4mage de votre pays de r\u00e9sidence pour \u00e9viter tout retard dans le versement des allocations. M\u00eame quelques jours peuvent faire une diff\u00e9rence sur vos droits.\r\n  <\/span>\r\n<\/div>\r\n\r\n<style>\r\n  .hf-tip{\r\n    background:#f5f5fe;\r\n    border-radius:14px;\r\n    padding:12px 16px;\r\n    color:#0f172a;           \/* texte fonc\u00e9 lisible *\/\r\n    font: 500 14px\/1.5 \"Poppins\", system-ui, -apple-system, Segoe UI, Roboto, Arial, sans-serif;\r\n    display:flex;\r\n    align-items:center;\r\n    gap:10px;\r\n    box-shadow: 0 6px 18px -12px rgba(16,24,40,.22);\r\n    max-width: 100%;\r\n  }\r\n  .hf-tip-icon{ font-size:18px; line-height:1; }\r\n  .hf-tip-text{ display:inline-block; }\r\n<\/style>\r\n\t\t\t\t<\/div>\n\t\t\t\t<\/div>\n\t\t\t\t\t<\/div>\n\t\t\t\t<\/div>\n\t\t<div class=\"elementor-element elementor-element-7ead6a0 e-flex e-con-boxed e-con e-parent\" data-id=\"7ead6a0\" data-element_type=\"container\" data-e-type=\"container\">\n\t\t\t\t\t<div class=\"e-con-inner\">\n\t\t\t\t<div class=\"elementor-element-custom_font_size elementor-element-custom_font_family elementor-element-custom_color elementor-element elementor-element-905366a elementor-widget elementor-widget-text-editor\" data-id=\"905366a\" data-element_type=\"widget\" data-e-type=\"widget\" data-widget_type=\"text-editor.default\">\n\t\t\t\t<div class=\"elementor-widget-container\">\n\t\t\t\t\t\t\t\t\t<h3 data-start=\"1599\" data-end=\"1658\">2. Le formulaire PDU1 : votre document cl\u00e9<\/h3><p data-start=\"1739\" data-end=\"1984\">Le <strong data-start=\"1742\" data-end=\"1750\">PDU1<\/strong> (ancien U1 \/ E301) est indispensable pour les frontaliers qui souhaitent percevoir des indemnit\u00e9s ch\u00f4mage dans leur pays de r\u00e9sidence. Il atteste vos <strong data-start=\"1901\" data-end=\"1934\">p\u00e9riodes de travail en Suisse<\/strong> et permet de faire reconna\u00eetre vos cotisations.<\/p><p data-start=\"1986\" data-end=\"2004\">Pour l\u2019obtenir :<\/p><ol><li data-start=\"2009\" data-end=\"2082\">Contactez la caisse de ch\u00f4mage du canton suisse o\u00f9 vous avez travaill\u00e9.<\/li><li data-start=\"2086\" data-end=\"2180\">Fournissez toutes les pi\u00e8ces n\u00e9cessaires : fiches de salaire, contrat de travail, carte AVS.<\/li><li data-start=\"2184\" data-end=\"2278\">Demandez le formulaire d\u00e8s la fin de votre contrat pour \u00e9viter tout retard dans vos d\u00e9marches.<\/li><\/ol>\t\t\t\t\t\t\t\t<\/div>\n\t\t\t\t<\/div>\n\t\t\t\t<div class=\"elementor-element elementor-element-6585cd4 elementor-widget elementor-widget-html\" data-id=\"6585cd4\" data-element_type=\"widget\" data-e-type=\"widget\" data-widget_type=\"html.default\">\n\t\t\t\t<div class=\"elementor-widget-container\">\n\t\t\t\t\t<!-- Tip Banner -->\r\n<div class=\"hf-tip\">\r\n  <span class=\"hf-tip-icon\">\ud83d\udca1<\/span>\r\n  <span class=\"hf-tip-text\">\r\n    Astuce : Conservez une copie de tous vos documents et du formulaire PDU1, car certaines administrations peuvent en demander plusieurs exemplaires pour traiter votre dossier rapidement.\r\n  <\/span>\r\n<\/div>\r\n\r\n<style>\r\n  .hf-tip{\r\n    background:#f5f5fe;\r\n    border-radius:14px;\r\n    padding:12px 16px;\r\n    color:#0f172a;           \/* texte fonc\u00e9 lisible *\/\r\n    font: 500 14px\/1.5 \"Poppins\", system-ui, -apple-system, Segoe UI, Roboto, Arial, sans-serif;\r\n    display:flex;\r\n    align-items:center;\r\n    gap:10px;\r\n    box-shadow: 0 6px 18px -12px rgba(16,24,40,.22);\r\n    max-width: 100%;\r\n  }\r\n  .hf-tip-icon{ font-size:18px; line-height:1; }\r\n  .hf-tip-text{ display:inline-block; }\r\n<\/style>\r\n\t\t\t\t<\/div>\n\t\t\t\t<\/div>\n\t\t\t\t\t<\/div>\n\t\t\t\t<\/div>\n\t\t<div class=\"elementor-element elementor-element-e7c7f0b e-flex e-con-boxed e-con e-parent\" data-id=\"e7c7f0b\" data-element_type=\"container\" data-e-type=\"container\">\n\t\t\t\t\t<div class=\"e-con-inner\">\n\t\t\t\t<div class=\"elementor-element-custom_font_size elementor-element-custom_font_family elementor-element-custom_color elementor-element elementor-element-0c24891 elementor-widget elementor-widget-text-editor\" data-id=\"0c24891\" data-element_type=\"widget\" data-e-type=\"widget\" data-widget_type=\"text-editor.default\">\n\t\t\t\t<div class=\"elementor-widget-container\">\n\t\t\t\t\t\t\t\t\t<h3 data-start=\"2133\" data-end=\"2184\">3. La recherche de vos droits LPP (2e pilier)<\/h3><p data-start=\"2524\" data-end=\"2721\">Vos cotisations \u00e0 la pr\u00e9voyance professionnelle suisse (LPP ou 2e pilier) sont li\u00e9es \u00e0 votre emploi. Lorsque vous quittez un emploi, il est important de <strong data-start=\"2677\" data-end=\"2718\">retrouver et s\u00e9curiser vos avoirs LPP<\/strong>.<\/p><ul><li data-start=\"2725\" data-end=\"2812\">Cette \u00e9tape vous permet de regrouper vos cotisations si vous avez chang\u00e9 d\u2019employeur.<\/li><li data-start=\"2815\" data-end=\"2913\">Vous assurez ainsi que vos droits restent actifs et que votre capital est correctement conserv\u00e9.<\/li><li data-start=\"2916\" data-end=\"3051\">Elle est essentielle pour pr\u00e9parer votre retraite ou pour transf\u00e9rer votre capital vers un autre plan LPP ou un compte de pr\u00e9voyance.<\/li><\/ul>\t\t\t\t\t\t\t\t<\/div>\n\t\t\t\t<\/div>\n\t\t\t\t<div class=\"elementor-element elementor-element-14228d6 elementor-widget elementor-widget-html\" data-id=\"14228d6\" data-element_type=\"widget\" data-e-type=\"widget\" data-widget_type=\"html.default\">\n\t\t\t\t<div class=\"elementor-widget-container\">\n\t\t\t\t\t<!-- Tip Banner -->\r\n<div class=\"hf-tip\">\r\n  <span class=\"hf-tip-icon\">\ud83d\udca1<\/span>\r\n  <span class=\"hf-tip-text\">\r\n    Conseil pratique : Faites une liste de toutes vos caisses LPP pr\u00e9c\u00e9dentes et demandez un relev\u00e9 complet. Cela vous \u00e9vitera de perdre des cotisations oubli\u00e9es sur des comptes dormants.\r\n<\/div>\r\n\r\n<style>\r\n  .hf-tip{\r\n    background:#f5f5fe;\r\n    border-radius:14px;\r\n    padding:12px 16px;\r\n    color:#0f172a;           \/* texte fonc\u00e9 lisible *\/\r\n    font: 500 14px\/1.5 \"Poppins\", system-ui, -apple-system, Segoe UI, Roboto, Arial, sans-serif;\r\n    display:flex;\r\n    align-items:center;\r\n    gap:10px;\r\n    box-shadow: 0 6px 18px -12px rgba(16,24,40,.22);\r\n    max-width: 100%;\r\n  }\r\n  .hf-tip-icon{ font-size:18px; line-height:1; }\r\n  .hf-tip-text{ display:inline-block; }\r\n<\/style>\r\n\t\t\t\t<\/div>\n\t\t\t\t<\/div>\n\t\t\t\t\t<\/div>\n\t\t\t\t<\/div>\n\t\t<div class=\"elementor-element elementor-element-9a1d1a8 e-flex e-con-boxed e-con e-parent\" data-id=\"9a1d1a8\" data-element_type=\"container\" data-e-type=\"container\">\n\t\t\t\t\t<div class=\"e-con-inner\">\n\t\t\t\t<div class=\"elementor-element-custom_font_size elementor-element-custom_font_family elementor-element-custom_color elementor-element elementor-element-512968d elementor-widget elementor-widget-text-editor\" data-id=\"512968d\" data-element_type=\"widget\" data-e-type=\"widget\" data-widget_type=\"text-editor.default\">\n\t\t\t\t<div class=\"elementor-widget-container\">\n\t\t\t\t\t\t\t\t\t<h3 data-start=\"2133\" data-end=\"2184\">4. Les \u00e9tapes concr\u00e8tes \u00e0 suivre apr\u00e8s une perte d\u2019emploi<\/h3><p data-start=\"3311\" data-end=\"3405\">Pour un frontalier, il est important de suivre un plan pr\u00e9cis afin de s\u00e9curiser ses droits :<\/p><ol><li data-start=\"3410\" data-end=\"3513\"><strong data-start=\"3410\" data-end=\"3450\">Inscription comme demandeur d\u2019emploi<\/strong> dans votre pays de r\u00e9sidence d\u00e8s le premier jour de ch\u00f4mage.<\/li><li data-start=\"3517\" data-end=\"3592\"><strong data-start=\"3517\" data-end=\"3552\">Demande d\u2019attestation employeur<\/strong> pour prouver vos p\u00e9riodes de travail.<\/li><li data-start=\"3596\" data-end=\"3668\"><strong data-start=\"3596\" data-end=\"3628\">Obtention du formulaire PDU1<\/strong> aupr\u00e8s de la caisse cantonale suisse.<\/li><li data-start=\"3672\" data-end=\"3719\"><strong data-start=\"3672\" data-end=\"3716\">Recherche et regroupement des avoirs LPP<\/strong>.<\/li><li data-start=\"3723\" data-end=\"3798\"><strong data-start=\"3723\" data-end=\"3759\">D\u00e9p\u00f4t du dossier ch\u00f4mage complet<\/strong> avec toutes les pi\u00e8ces justificatives.<\/li><\/ol>\t\t\t\t\t\t\t\t<\/div>\n\t\t\t\t<\/div>\n\t\t\t\t<div class=\"elementor-element elementor-element-5612e75 elementor-widget elementor-widget-html\" data-id=\"5612e75\" data-element_type=\"widget\" data-e-type=\"widget\" data-widget_type=\"html.default\">\n\t\t\t\t<div class=\"elementor-widget-container\">\n\t\t\t\t\t<!-- Tip Banner -->\r\n<div class=\"hf-tip\">\r\n  <span class=\"hf-tip-icon\">\ud83d\udca1<\/span>\r\n  <span class=\"hf-tip-text\">\r\n    Astuce : Organisez vos documents dans un classeur ou un dossier num\u00e9rique. Cela vous fera gagner beaucoup de temps si les autorit\u00e9s demandent des compl\u00e9ments d\u2019information.\r\n  <\/span>\r\n<\/div>\r\n\r\n<style>\r\n  .hf-tip{\r\n    background:#f5f5fe;\r\n    border-radius:14px;\r\n    padding:12px 16px;\r\n    color:#0f172a;           \/* texte fonc\u00e9 lisible *\/\r\n    font: 500 14px\/1.5 \"Poppins\", system-ui, -apple-system, Segoe UI, Roboto, Arial, sans-serif;\r\n    display:flex;\r\n    align-items:center;\r\n    gap:10px;\r\n    box-shadow: 0 6px 18px -12px rgba(16,24,40,.22);\r\n    max-width: 100%;\r\n  }\r\n  .hf-tip-icon{ font-size:18px; line-height:1; }\r\n  .hf-tip-text{ display:inline-block; }\r\n<\/style>\r\n\t\t\t\t<\/div>\n\t\t\t\t<\/div>\n\t\t\t\t\t<\/div>\n\t\t\t\t<\/div>\n\t\t<div class=\"elementor-element elementor-element-8001543 e-flex e-con-boxed e-con e-parent\" data-id=\"8001543\" data-element_type=\"container\" data-e-type=\"container\">\n\t\t\t\t\t<div class=\"e-con-inner\">\n\t\t\t\t<div class=\"elementor-element-custom_font_size elementor-element-custom_font_family elementor-element-custom_color elementor-element elementor-element-374c59f elementor-widget elementor-widget-text-editor\" data-id=\"374c59f\" data-element_type=\"widget\" data-e-type=\"widget\" data-widget_type=\"text-editor.default\">\n\t\t\t\t<div class=\"elementor-widget-container\">\n\t\t\t\t\t\t\t\t\t<h3 data-start=\"2133\" data-end=\"2184\">5. Optimisation et conseils pour les frontaliers<\/h3><p data-start=\"4035\" data-end=\"4078\">Bien g\u00e9rer ces d\u00e9marches vous permet de :<\/p><ul><li data-start=\"4082\" data-end=\"4144\"><strong data-start=\"4082\" data-end=\"4106\">Pr\u00e9server vos droits<\/strong>, m\u00eame apr\u00e8s une rupture de contrat.<\/li><li data-start=\"4147\" data-end=\"4218\"><strong data-start=\"4147\" data-end=\"4183\">Maximiser vos indemnit\u00e9s ch\u00f4mage<\/strong> et \u00e9viter les erreurs de calcul.<\/li><li data-start=\"4221\" data-end=\"4277\"><strong data-start=\"4221\" data-end=\"4254\">S\u00e9curiser vos cotisations LPP<\/strong> pour votre retraite.<\/li><li data-start=\"4280\" data-end=\"4379\"><strong data-start=\"4280\" data-end=\"4316\">Anticiper vos projets financiers<\/strong> gr\u00e2ce \u00e0 une vision compl\u00e8te de vos droits et de votre capital.<\/li><\/ul>\t\t\t\t\t\t\t\t<\/div>\n\t\t\t\t<\/div>\n\t\t\t\t<div class=\"elementor-element elementor-element-8bc28a7 elementor-widget elementor-widget-html\" data-id=\"8bc28a7\" data-element_type=\"widget\" data-e-type=\"widget\" data-widget_type=\"html.default\">\n\t\t\t\t<div class=\"elementor-widget-container\">\n\t\t\t\t\t<!-- Tip Banner -->\r\n<div class=\"hf-tip\">\r\n  <span class=\"hf-tip-icon\">\ud83d\udca1<\/span>\r\n  <span class=\"hf-tip-text\">\r\n    Conseil expert : Profitez-en pour v\u00e9rifier vos autres droits sociaux et vos investissements, comme le 3e pilier ou l\u2019assurance ch\u00f4mage compl\u00e9mentaire, afin d\u2019optimiser votre situation globale.\r\n  <\/span>\r\n<\/div>\r\n\r\n<style>\r\n  .hf-tip{\r\n    background:#f5f5fe;\r\n    border-radius:14px;\r\n    padding:12px 16px;\r\n    color:#0f172a;           \/* texte fonc\u00e9 lisible *\/\r\n    font: 500 14px\/1.5 \"Poppins\", system-ui, -apple-system, Segoe UI, Roboto, Arial, sans-serif;\r\n    display:flex;\r\n    align-items:center;\r\n    gap:10px;\r\n    box-shadow: 0 6px 18px -12px rgba(16,24,40,.22);\r\n    max-width: 100%;\r\n  }\r\n  .hf-tip-icon{ font-size:18px; line-height:1; }\r\n  .hf-tip-text{ display:inline-block; }\r\n<\/style>\r\n\t\t\t\t<\/div>\n\t\t\t\t<\/div>\n\t\t\t\t\t<\/div>\n\t\t\t\t<\/div>\n\t\t<div class=\"elementor-element elementor-element-9de063c e-flex e-con-boxed e-con e-parent\" data-id=\"9de063c\" data-element_type=\"container\" data-e-type=\"container\">\n\t\t\t\t\t<div class=\"e-con-inner\">\n\t\t\t\t<div class=\"elementor-element-custom_font_size elementor-element-custom_font_family elementor-element-custom_color elementor-element elementor-element-1d930e7 elementor-widget elementor-widget-text-editor\" data-id=\"1d930e7\" data-element_type=\"widget\" data-e-type=\"widget\" data-widget_type=\"text-editor.default\">\n\t\t\t\t<div class=\"elementor-widget-container\">\n\t\t\t\t\t\t\t\t\t<h2 data-start=\"3174\" data-end=\"3189\">Conclusion<\/h2><p data-start=\"5136\" data-end=\"5458\">Pour un frontalier, le ch\u00f4mage en Suisse ne se limite pas \u00e0 la perte de revenu : il s\u2019agit aussi de <strong data-start=\"5236\" data-end=\"5317\">pr\u00e9server vos droits, s\u00e9curiser votre pr\u00e9voyance et optimiser vos allocations<\/strong>. Obtenir le PDU1 et rechercher vos avoirs LPP sont des \u00e9tapes indispensables pour prot\u00e9ger votre capital et pr\u00e9parer votre avenir financier.<\/p>\t\t\t\t\t\t\t\t<\/div>\n\t\t\t\t<\/div>\n\t\t\t\t<div class=\"elementor-element elementor-element-a4ffad8 elementor-widget elementor-widget-html\" data-id=\"a4ffad8\" data-element_type=\"widget\" data-e-type=\"widget\" data-widget_type=\"html.default\">\n\t\t\t\t<div class=\"elementor-widget-container\">\n\t\t\t\t\t<!-- Tip Banner -->\r\n<div class=\"hf-tip\">\r\n  <span class=\"hf-tip-icon\">\ud83d\udca1<\/span>\r\n  <span class=\"hf-tip-text\">\r\n    Conseil final : Ne laissez pas ces d\u00e9marches pour plus tard. Un suivi rapide et organis\u00e9 vous garantit une transition plus sereine et s\u00e9curis\u00e9e.\r\n  <\/span>\r\n<\/div>\r\n\r\n<style>\r\n  .hf-tip{\r\n    background:#f5f5fe;\r\n    border-radius:14px;\r\n    padding:12px 16px;\r\n    color:#0f172a;           \/* texte fonc\u00e9 lisible *\/\r\n    font: 500 14px\/1.5 \"Poppins\", system-ui, -apple-system, Segoe UI, Roboto, Arial, sans-serif;\r\n    display:flex;\r\n    align-items:center;\r\n    gap:10px;\r\n    box-shadow: 0 6px 18px -12px rgba(16,24,40,.22);\r\n    max-width: 100%;\r\n  }\r\n  .hf-tip-icon{ font-size:18px; line-height:1; }\r\n  .hf-tip-text{ display:inline-block; }\r\n<\/style>\r\n\t\t\t\t<\/div>\n\t\t\t\t<\/div>\n\t\t\t\t\t<\/div>\n\t\t\t\t<\/div>\n\t\t<div class=\"elementor-element elementor-element-be68005 e-flex e-con-boxed e-con e-parent\" data-id=\"be68005\" data-element_type=\"container\" data-e-type=\"container\">\n\t\t\t\t\t<div class=\"e-con-inner\">\n\t\t\t\t<div class=\"elementor-element elementor-element-f98d13f elementor-widget elementor-widget-spacer\" data-id=\"f98d13f\" data-element_type=\"widget\" data-e-type=\"widget\" data-widget_type=\"spacer.default\">\n\t\t\t\t<div class=\"elementor-widget-container\">\n\t\t\t\t\t\t\t<div class=\"elementor-spacer\">\n\t\t\t<div class=\"elementor-spacer-inner\"><\/div>\n\t\t<\/div>\n\t\t\t\t\t\t<\/div>\n\t\t\t\t<\/div>\n\t\t\t\t<div class=\"elementor-element elementor-element-58fa226 elementor-align-center elementor-widget elementor-widget-button\" data-id=\"58fa226\" data-element_type=\"widget\" data-e-type=\"widget\" data-widget_type=\"button.default\">\n\t\t\t\t<div class=\"elementor-widget-container\">\n\t\t\t\t\t\t\t\t\t<div class=\"elementor-button-wrapper\">\n\t\t\t\t\t<a class=\"elementor-button elementor-button-link elementor-size-sm\" href=\"https:\/\/helpfrontaliers.ch\/en\/frontaliers\/fin-dactivite-en-suisse\/\">\n\t\t\t\t\t\t<span class=\"elementor-button-content-wrapper\">\n\t\t\t\t\t\t\t\t\t<span class=\"elementor-button-text\">Find out more<\/span>\n\t\t\t\t\t<\/span>\n\t\t\t\t\t<\/a>\n\t\t\t\t<\/div>\n\t\t\t\t\t\t\t\t<\/div>\n\t\t\t\t<\/div>\n\t\t\t\t\t<\/div>\n\t\t\t\t<\/div>\n\t\t<div class=\"elementor-element elementor-element-4cfb9ba e-flex e-con-boxed e-con e-parent\" data-id=\"4cfb9ba\" data-element_type=\"container\" data-e-type=\"container\">\n\t\t\t\t\t<div class=\"e-con-inner\">\n\t\t\t\t<div class=\"elementor-element elementor-element-1acf3cb elementor-widget elementor-widget-heading\" data-id=\"1acf3cb\" data-element_type=\"widget\" data-e-type=\"widget\" data-widget_type=\"heading.default\">\n\t\t\t\t<div class=\"elementor-widget-container\">\n\t\t\t\t\t<h4 class=\"elementor-heading-title elementor-size-default\">Foire aux questions<\/h4>\t\t\t\t<\/div>\n\t\t\t\t<\/div>\n\t\t\t\t<div class=\"elementor-element elementor-element-eb16b56 elementor-widget elementor-widget-toggle\" data-id=\"eb16b56\" data-element_type=\"widget\" data-e-type=\"widget\" data-widget_type=\"toggle.default\">\n\t\t\t\t<div class=\"elementor-widget-container\">\n\t\t\t\t\t\t\t<div class=\"elementor-toggle\">\n\t\t\t\t\t\t\t<div class=\"elementor-toggle-item\">\n\t\t\t\t\t<div id=\"elementor-tab-title-2461\" class=\"elementor-tab-title\" data-tab=\"1\" role=\"button\" aria-controls=\"elementor-tab-content-2461\" aria-expanded=\"false\">\n\t\t\t\t\t\t\t\t\t\t\t\t<span class=\"elementor-toggle-icon elementor-toggle-icon-left\" aria-hidden=\"true\">\n\t\t\t\t\t\t\t\t\t\t\t\t\t\t\t<span class=\"elementor-toggle-icon-closed\"><i class=\"fas fa-caret-right\"><\/i><\/span>\n\t\t\t\t\t\t\t\t<span class=\"elementor-toggle-icon-opened\"><i class=\"elementor-toggle-icon-opened fas fa-caret-up\"><\/i><\/span>\n\t\t\t\t\t\t\t\t\t\t\t\t\t<\/span>\n\t\t\t\t\t\t\t\t\t\t\t\t<a class=\"elementor-toggle-title\" tabindex=\"0\">Combien de temps pour obtenir le PDU1 ?<\/a>\n\t\t\t\t\t<\/div>\n\n\t\t\t\t\t<div id=\"elementor-tab-content-2461\" class=\"elementor-tab-content elementor-clearfix\" data-tab=\"1\" role=\"region\" aria-labelledby=\"elementor-tab-title-2461\"><p data-start=\"376\" data-end=\"614\">En moyenne, 2 \u00e0 4 semaines selon le canton et la compl\u00e9tude du dossier.<\/p><\/div>\n\t\t\t\t<\/div>\n\t\t\t\t\t\t\t<div class=\"elementor-toggle-item\">\n\t\t\t\t\t<div id=\"elementor-tab-title-2462\" class=\"elementor-tab-title\" data-tab=\"2\" role=\"button\" aria-controls=\"elementor-tab-content-2462\" aria-expanded=\"false\">\n\t\t\t\t\t\t\t\t\t\t\t\t<span class=\"elementor-toggle-icon elementor-toggle-icon-left\" aria-hidden=\"true\">\n\t\t\t\t\t\t\t\t\t\t\t\t\t\t\t<span class=\"elementor-toggle-icon-closed\"><i class=\"fas fa-caret-right\"><\/i><\/span>\n\t\t\t\t\t\t\t\t<span class=\"elementor-toggle-icon-opened\"><i class=\"elementor-toggle-icon-opened fas fa-caret-up\"><\/i><\/span>\n\t\t\t\t\t\t\t\t\t\t\t\t\t<\/span>\n\t\t\t\t\t\t\t\t\t\t\t\t<a class=\"elementor-toggle-title\" tabindex=\"0\">Puis-je percevoir le ch\u00f4mage en France m\u00eame si je travaillais en Suisse ?<\/a>\n\t\t\t\t\t<\/div>\n\n\t\t\t\t\t<div id=\"elementor-tab-content-2462\" class=\"elementor-tab-content elementor-clearfix\" data-tab=\"2\" role=\"region\" aria-labelledby=\"elementor-tab-title-2462\"><p data-start=\"721\" data-end=\"756\">Oui, gr\u00e2ce au formulaire PDU1 et aux r\u00e8gles de coordination entre les deux pays.<\/p><\/div>\n\t\t\t\t<\/div>\n\t\t\t\t\t\t\t<div class=\"elementor-toggle-item\">\n\t\t\t\t\t<div id=\"elementor-tab-title-2463\" class=\"elementor-tab-title\" data-tab=\"3\" role=\"button\" aria-controls=\"elementor-tab-content-2463\" aria-expanded=\"false\">\n\t\t\t\t\t\t\t\t\t\t\t\t<span class=\"elementor-toggle-icon elementor-toggle-icon-left\" aria-hidden=\"true\">\n\t\t\t\t\t\t\t\t\t\t\t\t\t\t\t<span class=\"elementor-toggle-icon-closed\"><i class=\"fas fa-caret-right\"><\/i><\/span>\n\t\t\t\t\t\t\t\t<span class=\"elementor-toggle-icon-opened\"><i class=\"elementor-toggle-icon-opened fas fa-caret-up\"><\/i><\/span>\n\t\t\t\t\t\t\t\t\t\t\t\t\t<\/span>\n\t\t\t\t\t\t\t\t\t\t\t\t<a class=\"elementor-toggle-title\" tabindex=\"0\">Que faire si je ne retrouve pas mes avoirs LPP ?<\/a>\n\t\t\t\t\t<\/div>\n\n\t\t\t\t\t<div id=\"elementor-tab-content-2463\" class=\"elementor-tab-content elementor-clearfix\" data-tab=\"3\" role=\"region\" aria-labelledby=\"elementor-tab-title-2463\"><p data-start=\"1368\" data-end=\"1401\">Contactez les anciennes caisses ou faites appel \u00e0 nos services de recherche des caisses LPP cantonales.<\/p><\/div>\n\t\t\t\t<\/div>\n\t\t\t\t\t\t\t\t<\/div>\n\t\t\t\t\t\t<\/div>\n\t\t\t\t<\/div>\n\t\t\t\t<div class=\"elementor-element elementor-element-2e2efc6 elementor-widget elementor-widget-html\" data-id=\"2e2efc6\" data-element_type=\"widget\" data-e-type=\"widget\" data-widget_type=\"html.default\">\n\t\t\t\t<div class=\"elementor-widget-container\">\n\t\t\t\t\t<!-- Conseil Banner -->\r\n<div class=\"hf-banner\">\r\n  <h3>Besoin d\u2019un conseil ? <\/h3>\r\n  <p>\r\n    Vous avez des questions ? Contactez nous !<br \/>\r\n    Nous pourrons vous r\u00e9pondre par email ou par t\u00e9l\u00e9phone. Nos services accompagnent de nombreux frontaliers dans leurs d\u00e9marches administratives, sant\u00e9 etc... \r\n  <\/p>\r\n  <a href=\"\/en\/nous-contacter\/\" class=\"hf-btn\">Contact<\/a>\r\n<\/div>\r\n\r\n<style>\r\n  .hf-banner {\r\n    background:#234981; \/* bleu de fond *\/\r\n    border-radius:14px;\r\n    padding:32px 24px;\r\n    text-align:center;\r\n    color:#fff;\r\n    max-width:880px;\r\n    margin:20px auto;\r\n    font-family:\"Poppins\", system-ui, sans-serif;\r\n  }\r\n\r\n  .hf-banner h3 {\r\n    margin:0 0 16px;\r\n    font-size:20px;\r\n    font-weight:700;\r\n    color:#fff; \/* titre en blanc *\/\r\n  }\r\n\r\n  .hf-banner p {\r\n    font-size:14px;\r\n    line-height:1.6;\r\n    margin:0 0 20px;\r\n  }\r\n\r\n  .hf-btn {\r\n    display:inline-block;\r\n    background:#fff;\r\n    color:#000;\r\n    font-size:15px;\r\n    font-weight:600;\r\n    text-decoration:none;\r\n    padding:5px 38px; \/* plus grand padding *\/\r\n    border-radius:40px; \/* arrondi style pill *\/\r\n    box-shadow:0 3px 8px rgba(0,0,0,0.15);\r\n    transition:all .25s ease;\r\n  }\r\n\r\n  .hf-btn:hover {\r\n    background:#f5f5f5;\r\n    color:#234981;\r\n  }\r\n<\/style>\r\n\t\t\t\t<\/div>\n\t\t\t\t<\/div>\n\t\t\t\t\t<\/div>\n\t\t\t\t<\/div>\n\t\t\t\t<\/div>","protected":false},"excerpt":{"rendered":"<p>1. Comprendre le ch\u00f4mage en Suisse pour un frontalier Si vous travaillez en Suisse, vous cotisez automatiquement \u00e0 l\u2019assurance ch\u00f4mage. En cas de licenciement ou de fin de contrat, vous pouvez pr\u00e9tendre \u00e0 des indemnit\u00e9s ch\u00f4mage, mais pour les frontaliers, le calcul et le versement d\u00e9pendent de votre pays de r\u00e9sidence. Les cotisations en Suisse [&hellip;]<\/p>\n","protected":false},"author":3,"featured_media":47223,"comment_status":"open","ping_status":"closed","sticky":false,"template":"","format":"standard","meta":{"_hf_hero_excerpt":"Perdre son emploi en Suisse peut \u00eatre source de stress et de confusion, surtout pour les frontaliers. Entre l\u2019indemnisation ch\u00f4mage, les formulaires \u00e0 remplir et les droits \u00e0 la pr\u00e9voyance professionnelle, il est facile de se sentir d\u00e9pass\u00e9. Ce guide vous explique \u00e9tape par \u00e9tape comment s\u00e9curiser vos droits, r\u00e9cup\u00e9rer vos cotisations et optimiser votre situation.","_hf_hero_enabled":true,"footnotes":""},"categories":[113],"tags":[92],"class_list":["post-47221","post","type-post","status-publish","format-standard","has-post-thumbnail","hentry","category-guides","tag-pdu1-lpp-chomage-frontalier-suisse"],"_links":{"self":[{"href":"https:\/\/helpfrontaliers.ch\/en\/wp-json\/wp\/v2\/posts\/47221","targetHints":{"allow":["GET"]}}],"collection":[{"href":"https:\/\/helpfrontaliers.ch\/en\/wp-json\/wp\/v2\/posts"}],"about":[{"href":"https:\/\/helpfrontaliers.ch\/en\/wp-json\/wp\/v2\/types\/post"}],"author":[{"embeddable":true,"href":"https:\/\/helpfrontaliers.ch\/en\/wp-json\/wp\/v2\/users\/3"}],"replies":[{"embeddable":true,"href":"https:\/\/helpfrontaliers.ch\/en\/wp-json\/wp\/v2\/comments?post=47221"}],"version-history":[{"count":0,"href":"https:\/\/helpfrontaliers.ch\/en\/wp-json\/wp\/v2\/posts\/47221\/revisions"}],"wp:featuredmedia":[{"embeddable":true,"href":"https:\/\/helpfrontaliers.ch\/en\/wp-json\/wp\/v2\/media\/47223"}],"wp:attachment":[{"href":"https:\/\/helpfrontaliers.ch\/en\/wp-json\/wp\/v2\/media?parent=47221"}],"wp:term":[{"taxonomy":"category","embeddable":true,"href":"https:\/\/helpfrontaliers.ch\/en\/wp-json\/wp\/v2\/categories?post=47221"},{"taxonomy":"post_tag","embeddable":true,"href":"https:\/\/helpfrontaliers.ch\/en\/wp-json\/wp\/v2\/tags?post=47221"}],"curies":[{"name":"wp","href":"https:\/\/api.w.org\/{rel}","templated":true}]}}