{"id":47227,"date":"2025-12-10T09:00:03","date_gmt":"2025-12-10T08:00:03","guid":{"rendered":"https:\/\/helpfrontaliers.ch\/?p=47227"},"modified":"2026-03-14T11:36:02","modified_gmt":"2026-03-14T10:36:02","slug":"ou-habiter-a-la-frontiere-franco-suisse-guide-complet-2025-des-meilleures-zones-pour-les-frontaliers","status":"publish","type":"post","link":"https:\/\/helpfrontaliers.ch\/en\/guides\/ou-habiter-a-la-frontiere-franco-suisse-guide-complet-2025-des-meilleures-zones-pour-les-frontaliers\/","title":{"rendered":"O\u00f9 habiter \u00e0 la fronti\u00e8re franco-suisse ? Guide complet 2025 des meilleures zones pour les frontaliers"},"content":{"rendered":"<div data-elementor-type=\"wp-post\" data-elementor-id=\"47227\" class=\"elementor elementor-47227\">\n\t\t\t\t<div class=\"elementor-element elementor-element-08e2fc2 e-flex e-con-boxed e-con e-parent\" data-id=\"08e2fc2\" data-element_type=\"container\" data-e-type=\"container\">\n\t\t\t\t\t<div class=\"e-con-inner\">\n\t\t\t\t<div class=\"elementor-element-custom_font_size elementor-element-custom_font_family elementor-element-custom_color elementor-element elementor-element-b3ded51 elementor-widget elementor-widget-text-editor\" data-id=\"b3ded51\" data-element_type=\"widget\" data-e-type=\"widget\" data-widget_type=\"text-editor.default\">\n\t\t\t\t<div class=\"elementor-widget-container\">\n\t\t\t\t\t\t\t\t\t<h3 data-start=\"1061\" data-end=\"1095\">1. Gen\u00e8ve et environs : qualit\u00e9 de vie maximale, budget \u00e9lev\u00e9<\/h3><p>Gen\u00e8ve offre un cadre de vie typiquement suisse : s\u00e9curit\u00e9 tr\u00e8s \u00e9lev\u00e9e, propret\u00e9 irr\u00e9prochable, services publics performants, mobilit\u00e9 facilit\u00e9e par un r\u00e9seau dense de bus et trams. C\u2019est la zone id\u00e9ale pour ceux qui recherchent le confort urbain, la proximit\u00e9 imm\u00e9diate du travail et un environnement haut de gamme.<\/p><p>\u2714 Avantages<\/p><ul><li>S\u00e9curit\u00e9 parmi les plus \u00e9lev\u00e9es d\u2019Europe<\/li><li>Pas besoin de voiture (r\u00e9seau TPG ultra complet)<\/li><li>Acc\u00e8s direct \u00e0 tous les services : sant\u00e9, \u00e9ducation, culture, loisirs<\/li><li>Temps de trajet minimal pour travailler en Suisse<\/li><\/ul><p>\u274c Inconv\u00e9nients<\/p><ul><li>Loyers extr\u00eamement \u00e9lev\u00e9s :<ul><li>Studio : ~1\u2019500 CHF\/mois<\/li><li>Appartement 2,5 pi\u00e8ces : 2\u2019200\u20132\u2019600 CHF<\/li><\/ul><\/li><li>Obtention obligatoire d\u2019un permis B pour y vivre<\/li><li>March\u00e9 locatif tr\u00e8s tendu<\/li><\/ul>\t\t\t\t\t\t\t\t<\/div>\n\t\t\t\t<\/div>\n\t\t\t\t<div class=\"elementor-element elementor-element-45dcffb elementor-widget elementor-widget-html\" data-id=\"45dcffb\" data-element_type=\"widget\" data-e-type=\"widget\" data-widget_type=\"html.default\">\n\t\t\t\t<div class=\"elementor-widget-container\">\n\t\t\t\t\t<!-- Tip Banner -->\r\n<div class=\"hf-tip\">\r\n  <span class=\"hf-tip-icon\">\ud83d\udca1<\/span>\r\n  <span class=\"hf-tip-text\">\r\n    Conseil pratique : Si vous souhaitez vivre \u00e0 Gen\u00e8ve, anticiper votre recherche 3 \u00e0 4 mois \u00e0 l\u2019avance augmente fortement vos chances de trouver un logement.\r\n  <\/span>\r\n<\/div>\r\n\r\n<style>\r\n  .hf-tip{\r\n    background:#f5f5fe;\r\n    border-radius:14px;\r\n    padding:12px 16px;\r\n    color:#0f172a;           \/* texte fonc\u00e9 lisible *\/\r\n    font: 500 14px\/1.5 \"Poppins\", system-ui, -apple-system, Segoe UI, Roboto, Arial, sans-serif;\r\n    display:flex;\r\n    align-items:center;\r\n    gap:10px;\r\n    box-shadow: 0 6px 18px -12px rgba(16,24,40,.22);\r\n    max-width: 100%;\r\n  }\r\n  .hf-tip-icon{ font-size:18px; line-height:1; }\r\n  .hf-tip-text{ display:inline-block; }\r\n<\/style>\r\n\t\t\t\t<\/div>\n\t\t\t\t<\/div>\n\t\t\t\t\t<\/div>\n\t\t\t\t<\/div>\n\t\t<div class=\"elementor-element elementor-element-7ead6a0 e-flex e-con-boxed e-con e-parent\" data-id=\"7ead6a0\" data-element_type=\"container\" data-e-type=\"container\">\n\t\t\t\t\t<div class=\"e-con-inner\">\n\t\t\t\t<div class=\"elementor-element-custom_font_size elementor-element-custom_font_family elementor-element-custom_color elementor-element elementor-element-905366a elementor-widget elementor-widget-text-editor\" data-id=\"905366a\" data-element_type=\"widget\" data-e-type=\"widget\" data-widget_type=\"text-editor.default\">\n\t\t\t\t<div class=\"elementor-widget-container\">\n\t\t\t\t\t\t\t\t\t<h3 data-start=\"1599\" data-end=\"1658\">2. Annemasse \/ Gaillard \/ Ambilly \/ Ville-la-Grand : le meilleur rapport qualit\u00e9-prix<\/h3><p>Cette zone est l\u2019une des plus pris\u00e9es des frontaliers gr\u00e2ce \u00e0 son accessibilit\u00e9 et ses prix plus abordables. Avec le L\u00e9man Express, Gen\u00e8ve Cornavin est accessible en 20 minutes. L\u2019offre commerciale est dense (grandes enseignes, supermarch\u00e9s, services du quotidien), mais l\u2019activit\u00e9 est intense.<\/p><p>\u2714 Avantages<\/p><ul><li>Zone la plus abordable proche de Gen\u00e8ve<\/li><li>Grand choix de commerces<\/li><li>Acc\u00e8s rapide \u00e0 Gen\u00e8ve via le L\u00e9man Express<\/li><li>Loyers corrects :<ul><li>T2 : ~1\u2019000\u20131\u2019150 \u20ac<\/li><li>T3 : ~1\u2019250\u20131\u2019450 \u20ac<\/li><\/ul><\/li><\/ul><p>\u274c Inconv\u00e9nients<\/p><ul><li>Circulation difficile aux heures de pointe, notamment vers Bardonnex<\/li><li>Propret\u00e9 et s\u00e9curit\u00e9 in\u00e9gales selon les quartiers<\/li><li>Manque d\u2019espaces verts dans certains secteurs<\/li><\/ul>\t\t\t\t\t\t\t\t<\/div>\n\t\t\t\t<\/div>\n\t\t\t\t<div class=\"elementor-element elementor-element-6585cd4 elementor-widget elementor-widget-html\" data-id=\"6585cd4\" data-element_type=\"widget\" data-e-type=\"widget\" data-widget_type=\"html.default\">\n\t\t\t\t<div class=\"elementor-widget-container\">\n\t\t\t\t\t<!-- Tip Banner -->\r\n<div class=\"hf-tip\">\r\n  <span class=\"hf-tip-icon\">\ud83d\udca1<\/span>\r\n  <span class=\"hf-tip-text\">\r\n    Astuce : Si vous travaillez sur Gen\u00e8ve rive droite, vivez pr\u00e8s d\u2019une station L\u00e9man Express : cela r\u00e9duit le temps de trajet et contourne les bouchons.\r\n  <\/span>\r\n<\/div>\r\n\r\n<style>\r\n  .hf-tip{\r\n    background:#f5f5fe;\r\n    border-radius:14px;\r\n    padding:12px 16px;\r\n    color:#0f172a;           \/* texte fonc\u00e9 lisible *\/\r\n    font: 500 14px\/1.5 \"Poppins\", system-ui, -apple-system, Segoe UI, Roboto, Arial, sans-serif;\r\n    display:flex;\r\n    align-items:center;\r\n    gap:10px;\r\n    box-shadow: 0 6px 18px -12px rgba(16,24,40,.22);\r\n    max-width: 100%;\r\n  }\r\n  .hf-tip-icon{ font-size:18px; line-height:1; }\r\n  .hf-tip-text{ display:inline-block; }\r\n<\/style>\r\n\t\t\t\t<\/div>\n\t\t\t\t<\/div>\n\t\t\t\t\t<\/div>\n\t\t\t\t<\/div>\n\t\t<div class=\"elementor-element elementor-element-e7c7f0b e-flex e-con-boxed e-con e-parent\" data-id=\"e7c7f0b\" data-element_type=\"container\" data-e-type=\"container\">\n\t\t\t\t\t<div class=\"e-con-inner\">\n\t\t\t\t<div class=\"elementor-element-custom_font_size elementor-element-custom_font_family elementor-element-custom_color elementor-element elementor-element-0c24891 elementor-widget elementor-widget-text-editor\" data-id=\"0c24891\" data-element_type=\"widget\" data-e-type=\"widget\" data-widget_type=\"text-editor.default\">\n\t\t\t\t<div class=\"elementor-widget-container\">\n\t\t\t\t\t\t\t\t\t<h3 data-start=\"2133\" data-end=\"2184\">3. Thoiry \/ Saint-Genis-Pouilly \/ Ferney-Voltaire : calme, s\u00e9curit\u00e9 et standing<\/h3><p>Situ\u00e9e c\u00f4t\u00e9 Pays de Gex, cette zone attire les familles et les frontaliers recherchant un environnement plus tranquille. La qualit\u00e9 de vie y est excellente, m\u00eame si les loyers sont parmi les plus \u00e9lev\u00e9s c\u00f4t\u00e9 fran\u00e7ais. Les services sont regroup\u00e9s autour du centre commercial Val Thoiry.<\/p><p>\u2714 Avantages<\/p><ul><li>Tr\u00e8s bon niveau de s\u00e9curit\u00e9<\/li><li>Environnement calme et r\u00e9sidentiel<\/li><li>Services qualitatifs (\u00e9coles, commerces, espaces verts)<\/li><li>Loyers stables :<ul><li>T2 : ~1\u2019100\u20131\u2019300 \u20ac<\/li><li>T3 : ~1\u2019350\u20131\u2019600 \u20ac<\/li><\/ul><\/li><\/ul><p>\u274c Inconv\u00e9nients<\/p><ul><li>Offre de bus limit\u00e9e \u2192 voiture fortement recommand\u00e9e<\/li><li>Zones tr\u00e8s calmes en dehors du centre commercial<\/li><li>Circulation dense le matin vers la douane de Ferney<\/li><\/ul>\t\t\t\t\t\t\t\t<\/div>\n\t\t\t\t<\/div>\n\t\t\t\t<div class=\"elementor-element elementor-element-14228d6 elementor-widget elementor-widget-html\" data-id=\"14228d6\" data-element_type=\"widget\" data-e-type=\"widget\" data-widget_type=\"html.default\">\n\t\t\t\t<div class=\"elementor-widget-container\">\n\t\t\t\t\t<!-- Tip Banner -->\r\n<div class=\"hf-tip\">\r\n  <span class=\"hf-tip-icon\">\ud83d\udca1<\/span>\r\n  <span class=\"hf-tip-text\">\r\n    Conseil pratique : Id\u00e9al si vous travaillez \u00e0 Meyrin, au CERN ou \u00e0 l\u2019a\u00e9roport Gen\u00e8ve Cointrin : les trajets sont tr\u00e8s courts.\r\n<\/div>\r\n\r\n<style>\r\n  .hf-tip{\r\n    background:#f5f5fe;\r\n    border-radius:14px;\r\n    padding:12px 16px;\r\n    color:#0f172a;           \/* texte fonc\u00e9 lisible *\/\r\n    font: 500 14px\/1.5 \"Poppins\", system-ui, -apple-system, Segoe UI, Roboto, Arial, sans-serif;\r\n    display:flex;\r\n    align-items:center;\r\n    gap:10px;\r\n    box-shadow: 0 6px 18px -12px rgba(16,24,40,.22);\r\n    max-width: 100%;\r\n  }\r\n  .hf-tip-icon{ font-size:18px; line-height:1; }\r\n  .hf-tip-text{ display:inline-block; }\r\n<\/style>\r\n\t\t\t\t<\/div>\n\t\t\t\t<\/div>\n\t\t\t\t\t<\/div>\n\t\t\t\t<\/div>\n\t\t<div class=\"elementor-element elementor-element-9a1d1a8 e-flex e-con-boxed e-con e-parent\" data-id=\"9a1d1a8\" data-element_type=\"container\" data-e-type=\"container\">\n\t\t\t\t\t<div class=\"e-con-inner\">\n\t\t\t\t<div class=\"elementor-element-custom_font_size elementor-element-custom_font_family elementor-element-custom_color elementor-element elementor-element-512968d elementor-widget elementor-widget-text-editor\" data-id=\"512968d\" data-element_type=\"widget\" data-e-type=\"widget\" data-widget_type=\"text-editor.default\">\n\t\t\t\t<div class=\"elementor-widget-container\">\n\t\t\t\t\t\t\t\t\t<h3 data-start=\"2133\" data-end=\"2184\">4. Saint-Julien-en-Genevois \/ Archamps \/ Collonges-sous-Sal\u00e8ve : \u00e9quilibre id\u00e9al pour les familles<\/h3><p>Cette zone b\u00e9n\u00e9ficie d\u2019une localisation strat\u00e9gique entre les deux rives du lac. Les loyers sont l\u00e9g\u00e8rement plus \u00e9lev\u00e9s qu\u2019\u00e0 Annemasse mais l\u2019environnement est plus familial, verdoyant et calme. Les services sont pr\u00e9sents mais moins nombreux que dans les grandes villes.<\/p><p>\u2714 Avantages<\/p><ul><li>Environnement familial et s\u00e9curis\u00e9<\/li><li>Proximit\u00e9 imm\u00e9diate de Gen\u00e8ve \u2192 10 \u00e0 15 minutes en voiture<\/li><li>Acc\u00e8s rapide \u00e0 l\u2019A40 et aux axes principaux<\/li><li>Loyers interm\u00e9diaires :<ul><li>T2 : ~1\u2019050\u20131\u2019200 \u20ac<\/li><li>T3 : ~1\u2019250\u20131\u2019550 \u20ac<\/li><\/ul><\/li><\/ul><p>\u274c Inconv\u00e9nients<\/p><ul><li>Peu de grandes zones commerciales<\/li><li>Bus peu fr\u00e9quents selon les quartiers<\/li><li>Projet de tram en cours \u2192 mobilit\u00e9 am\u00e9lior\u00e9e dans les ann\u00e9es \u00e0 venir<\/li><\/ul>\t\t\t\t\t\t\t\t<\/div>\n\t\t\t\t<\/div>\n\t\t\t\t<div class=\"elementor-element elementor-element-5612e75 elementor-widget elementor-widget-html\" data-id=\"5612e75\" data-element_type=\"widget\" data-e-type=\"widget\" data-widget_type=\"html.default\">\n\t\t\t\t<div class=\"elementor-widget-container\">\n\t\t\t\t\t<!-- Tip Banner -->\r\n<div class=\"hf-tip\">\r\n  <span class=\"hf-tip-icon\">\ud83d\udca1<\/span>\r\n  <span class=\"hf-tip-text\">\r\n    Astuce : Archamps est une excellente option pour ceux travaillant \u00e0 Carouge ou Lancy : trajets courts et flux routiers plus fluides.\r\n  <\/span>\r\n<\/div>\r\n\r\n<style>\r\n  .hf-tip{\r\n    background:#f5f5fe;\r\n    border-radius:14px;\r\n    padding:12px 16px;\r\n    color:#0f172a;           \/* texte fonc\u00e9 lisible *\/\r\n    font: 500 14px\/1.5 \"Poppins\", system-ui, -apple-system, Segoe UI, Roboto, Arial, sans-serif;\r\n    display:flex;\r\n    align-items:center;\r\n    gap:10px;\r\n    box-shadow: 0 6px 18px -12px rgba(16,24,40,.22);\r\n    max-width: 100%;\r\n  }\r\n  .hf-tip-icon{ font-size:18px; line-height:1; }\r\n  .hf-tip-text{ display:inline-block; }\r\n<\/style>\r\n\t\t\t\t<\/div>\n\t\t\t\t<\/div>\n\t\t\t\t\t<\/div>\n\t\t\t\t<\/div>\n\t\t<div class=\"elementor-element elementor-element-8001543 e-flex e-con-boxed e-con e-parent\" data-id=\"8001543\" data-element_type=\"container\" data-e-type=\"container\">\n\t\t\t\t\t<div class=\"e-con-inner\">\n\t\t\t\t<div class=\"elementor-element elementor-element-74b1a71 elementor-widget elementor-widget-html\" data-id=\"74b1a71\" data-element_type=\"widget\" data-e-type=\"widget\" data-widget_type=\"html.default\">\n\t\t\t\t<div class=\"elementor-widget-container\">\n\t\t\t\t\t<!-- Tableau r\u00e9capitulatif des co\u00fbts - Zones frontali\u00e8res -->\r\n<style>\r\n  .hf-table-wrap {\r\n    overflow-x: auto;\r\n    margin: 1rem 0;\r\n  }\r\n  .hf-table {\r\n    width: 100%;\r\n    border-collapse: collapse;\r\n    font-family: Arial, Helvetica, sans-serif;\r\n    font-size: 14px;\r\n  }\r\n  .hf-table caption {\r\n    caption-side: top;\r\n    text-align: left;\r\n    font-weight: 700;\r\n    margin-bottom: .5rem;\r\n  }\r\n  .hf-table th,\r\n  .hf-table td {\r\n    padding: .65rem .8rem;\r\n    border: 1px solid #e6e6e6;\r\n    text-align: left;\r\n    vertical-align: middle;\r\n  }\r\n  .hf-table th {\r\n    background: #f7f7f7;\r\n    font-weight: 600;\r\n  }\r\n  .hf-table .rating {\r\n    white-space: nowrap;\r\n  }\r\n  @media (prefers-color-scheme: dark) {\r\n    .hf-table th { background: #2b2b2b; color: #fff; }\r\n    .hf-table td, .hf-table th { border-color: #3a3a3a; color: #e6e6e6; }\r\n  }\r\n<\/style>\r\n\r\n<div class=\"hf-table-wrap\" role=\"region\" aria-labelledby=\"table-title\">\r\n  <table class=\"hf-table\" aria-describedby=\"table-desc\">\r\n    <caption id=\"table-title\">R\u00e9capitulatif des co\u00fbts et caract\u00e9ristiques (estimations 2025)<\/caption>\r\n    <thead>\r\n      <tr>\r\n        <th>Zone<\/th>\r\n        <th>Studio \/ T2<\/th>\r\n        <th>T3<\/th>\r\n        <th>Niveau de vie<\/th>\r\n        <th>Transport<\/th>\r\n      <\/tr>\r\n    <\/thead>\r\n    <tbody>\r\n      <tr>\r\n        <td>Gen\u00e8ve<\/td>\r\n        <td>~1'500 CHF \/ 2'200 CHF<\/td>\r\n        <td>2'600+ CHF<\/td>\r\n        <td class=\"rating\">\u2b50\u2b50\u2b50\u2b50\u2b50<\/td>\r\n        <td>Tram + Bus (TPG)<\/td>\r\n      <\/tr>\r\n      <tr>\r\n        <td>Annemasse<\/td>\r\n        <td>~1'000\u20131'150 \u20ac<\/td>\r\n        <td>1'250\u20131'450 \u20ac<\/td>\r\n        <td class=\"rating\">\u2b50\u2b50\u2b50<\/td>\r\n        <td>L\u00e9man Express<\/td>\r\n      <\/tr>\r\n      <tr>\r\n        <td>Thoiry \/ St-Genis \/ Ferney<\/td>\r\n        <td>~1'100\u20131'300 \u20ac<\/td>\r\n        <td>1'350\u20131'600 \u20ac<\/td>\r\n        <td class=\"rating\">\u2b50\u2b50\u2b50\u2b50<\/td>\r\n        <td>Bus limit\u00e9s (voiture recommand\u00e9e)<\/td>\r\n      <\/tr>\r\n      <tr>\r\n        <td>St-Julien \/ Collonges \/ Archamps<\/td>\r\n        <td>~1'050\u20131'200 \u20ac<\/td>\r\n        <td>1'250\u20131'550 \u20ac<\/td>\r\n        <td class=\"rating\">\u2b50\u2b50\u2b50\u2b50<\/td>\r\n        <td>Voiture + projet tram<\/td>\r\n      <\/tr>\r\n    <\/tbody>\r\n    <tfoot>\r\n      <tr>\r\n        <td colspan=\"5\" id=\"table-desc\">\r\n          <small>Estimations 2025 \u2014 loyers moyens indicatifs. Les co\u00fbts peuvent varier selon le quartier, le standing et la saison.<\/small>\r\n        <\/td>\r\n      <\/tr>\r\n    <\/tfoot>\r\n  <\/table>\r\n<\/div>\r\n\t\t\t\t<\/div>\n\t\t\t\t<\/div>\n\t\t\t\t\t<\/div>\n\t\t\t\t<\/div>\n\t\t<div class=\"elementor-element elementor-element-9de063c e-flex e-con-boxed e-con e-parent\" data-id=\"9de063c\" data-element_type=\"container\" data-e-type=\"container\">\n\t\t\t\t\t<div class=\"e-con-inner\">\n\t\t\t\t<div class=\"elementor-element-custom_font_size elementor-element-custom_font_family elementor-element-custom_color elementor-element elementor-element-1d930e7 elementor-widget elementor-widget-text-editor\" data-id=\"1d930e7\" data-element_type=\"widget\" data-e-type=\"widget\" data-widget_type=\"text-editor.default\">\n\t\t\t\t<div class=\"elementor-widget-container\">\n\t\t\t\t\t\t\t\t\t<h2 data-start=\"3174\" data-end=\"3189\">Conclusion<\/h2><p data-start=\"5136\" data-end=\"5458\">Choisissez votre zone en fonction de votre lieu de travail, de votre mode de transport et de votre rythme de vie. Ne regardez pas seulement les loyers : temps de trajet, bouchons et confort au quotidien comptent tout autant..<\/p>\t\t\t\t\t\t\t\t<\/div>\n\t\t\t\t<\/div>\n\t\t\t\t\t<\/div>\n\t\t\t\t<\/div>\n\t\t<div class=\"elementor-element elementor-element-4cfb9ba e-flex e-con-boxed e-con e-parent\" data-id=\"4cfb9ba\" data-element_type=\"container\" data-e-type=\"container\">\n\t\t\t\t\t<div class=\"e-con-inner\">\n\t\t\t\t<div class=\"elementor-element elementor-element-1acf3cb elementor-widget elementor-widget-heading\" data-id=\"1acf3cb\" data-element_type=\"widget\" data-e-type=\"widget\" data-widget_type=\"heading.default\">\n\t\t\t\t<div class=\"elementor-widget-container\">\n\t\t\t\t\t<h4 class=\"elementor-heading-title elementor-size-default\">Foire aux questions<\/h4>\t\t\t\t<\/div>\n\t\t\t\t<\/div>\n\t\t\t\t<div class=\"elementor-element elementor-element-eb16b56 elementor-widget elementor-widget-toggle\" data-id=\"eb16b56\" data-element_type=\"widget\" data-e-type=\"widget\" data-widget_type=\"toggle.default\">\n\t\t\t\t<div class=\"elementor-widget-container\">\n\t\t\t\t\t\t\t<div class=\"elementor-toggle\">\n\t\t\t\t\t\t\t<div class=\"elementor-toggle-item\">\n\t\t\t\t\t<div id=\"elementor-tab-title-2461\" class=\"elementor-tab-title\" data-tab=\"1\" role=\"button\" aria-controls=\"elementor-tab-content-2461\" aria-expanded=\"false\">\n\t\t\t\t\t\t\t\t\t\t\t\t<span class=\"elementor-toggle-icon elementor-toggle-icon-left\" aria-hidden=\"true\">\n\t\t\t\t\t\t\t\t\t\t\t\t\t\t\t<span class=\"elementor-toggle-icon-closed\"><i class=\"fas fa-caret-right\"><\/i><\/span>\n\t\t\t\t\t\t\t\t<span class=\"elementor-toggle-icon-opened\"><i class=\"elementor-toggle-icon-opened fas fa-caret-up\"><\/i><\/span>\n\t\t\t\t\t\t\t\t\t\t\t\t\t<\/span>\n\t\t\t\t\t\t\t\t\t\t\t\t<a class=\"elementor-toggle-title\" tabindex=\"0\">Quelle est la zone frontali\u00e8re la moins ch\u00e8re pour vivre pr\u00e8s de Gen\u00e8ve ?<\/a>\n\t\t\t\t\t<\/div>\n\n\t\t\t\t\t<div id=\"elementor-tab-content-2461\" class=\"elementor-tab-content elementor-clearfix\" data-tab=\"1\" role=\"region\" aria-labelledby=\"elementor-tab-title-2461\"><p data-start=\"376\" data-end=\"614\">La zone la plus abordable reste <strong data-start=\"376\" data-end=\"410\">Annemasse \/ Gaillard \/ Ambilly<\/strong>, o\u00f9 les loyers sont 20 \u00e0 35 % moins \u00e9lev\u00e9s que dans le Pays de Gex ou \u00e0 Saint-Julien. Les T2 commencent autour de <strong data-start=\"525\" data-end=\"536\">1\u2019000 \u20ac<\/strong>.<\/p><\/div>\n\t\t\t\t<\/div>\n\t\t\t\t\t\t\t<div class=\"elementor-toggle-item\">\n\t\t\t\t\t<div id=\"elementor-tab-title-2462\" class=\"elementor-tab-title\" data-tab=\"2\" role=\"button\" aria-controls=\"elementor-tab-content-2462\" aria-expanded=\"false\">\n\t\t\t\t\t\t\t\t\t\t\t\t<span class=\"elementor-toggle-icon elementor-toggle-icon-left\" aria-hidden=\"true\">\n\t\t\t\t\t\t\t\t\t\t\t\t\t\t\t<span class=\"elementor-toggle-icon-closed\"><i class=\"fas fa-caret-right\"><\/i><\/span>\n\t\t\t\t\t\t\t\t<span class=\"elementor-toggle-icon-opened\"><i class=\"elementor-toggle-icon-opened fas fa-caret-up\"><\/i><\/span>\n\t\t\t\t\t\t\t\t\t\t\t\t\t<\/span>\n\t\t\t\t\t\t\t\t\t\t\t\t<a class=\"elementor-toggle-title\" tabindex=\"0\">Quelle zone est la plus proche de Gen\u00e8ve pour un frontalier ?<\/a>\n\t\t\t\t\t<\/div>\n\n\t\t\t\t\t<div id=\"elementor-tab-content-2462\" class=\"elementor-tab-content elementor-clearfix\" data-tab=\"2\" role=\"region\" aria-labelledby=\"elementor-tab-title-2462\"><p data-start=\"721\" data-end=\"756\">Les plus proches sont <strong data-start=\"641\" data-end=\"654\">Annemasse<\/strong> c\u00f4t\u00e9 fran\u00e7ais (6 minutes de Gen\u00e8ve via le L\u00e9man Express) et <strong data-start=\"715\" data-end=\"734\">Ferney-Voltaire<\/strong> c\u00f4t\u00e9 Pays de Gex (10 minutes de Gen\u00e8ve Cointrin).<\/p><\/div>\n\t\t\t\t<\/div>\n\t\t\t\t\t\t\t<div class=\"elementor-toggle-item\">\n\t\t\t\t\t<div id=\"elementor-tab-title-2463\" class=\"elementor-tab-title\" data-tab=\"3\" role=\"button\" aria-controls=\"elementor-tab-content-2463\" aria-expanded=\"false\">\n\t\t\t\t\t\t\t\t\t\t\t\t<span class=\"elementor-toggle-icon elementor-toggle-icon-left\" aria-hidden=\"true\">\n\t\t\t\t\t\t\t\t\t\t\t\t\t\t\t<span class=\"elementor-toggle-icon-closed\"><i class=\"fas fa-caret-right\"><\/i><\/span>\n\t\t\t\t\t\t\t\t<span class=\"elementor-toggle-icon-opened\"><i class=\"elementor-toggle-icon-opened fas fa-caret-up\"><\/i><\/span>\n\t\t\t\t\t\t\t\t\t\t\t\t\t<\/span>\n\t\t\t\t\t\t\t\t\t\t\t\t<a class=\"elementor-toggle-title\" tabindex=\"0\">O\u00f9 vit-on le mieux pour une famille ?<\/a>\n\t\t\t\t\t<\/div>\n\n\t\t\t\t\t<div id=\"elementor-tab-content-2463\" class=\"elementor-tab-content elementor-clearfix\" data-tab=\"3\" role=\"region\" aria-labelledby=\"elementor-tab-title-2463\"><p data-start=\"1368\" data-end=\"1401\">Les zones les plus adapt\u00e9es aux familles sont <strong data-start=\"888\" data-end=\"939\">Saint-Julien-en-Genevois \/ Collonges \/ Archamps<\/strong> et <strong data-start=\"943\" data-end=\"984\">Saint-Genis-Pouilly \/ Ferney-Voltaire<\/strong>, gr\u00e2ce au cadre calme, aux \u00e9coles, aux espaces verts et \u00e0 la s\u00e9curit\u00e9.<\/p><\/div>\n\t\t\t\t<\/div>\n\t\t\t\t\t\t\t\t<\/div>\n\t\t\t\t\t\t<\/div>\n\t\t\t\t<\/div>\n\t\t\t\t<div class=\"elementor-element elementor-element-2e2efc6 elementor-widget elementor-widget-html\" data-id=\"2e2efc6\" data-element_type=\"widget\" data-e-type=\"widget\" data-widget_type=\"html.default\">\n\t\t\t\t<div class=\"elementor-widget-container\">\n\t\t\t\t\t<!-- Conseil Banner -->\r\n<div class=\"hf-banner\">\r\n  <h3>Besoin d\u2019un conseil ? <\/h3>\r\n  <p>\r\n    Vous avez des questions ? Contactez nous !<br \/>\r\n    Nous pourrons vous r\u00e9pondre par email ou par t\u00e9l\u00e9phone. Nos services accompagnent de nombreux frontaliers dans leurs d\u00e9marches administratives, sant\u00e9 etc... \r\n  <\/p>\r\n  <a href=\"\/en\/nous-contacter\/\" class=\"hf-btn\">Contact<\/a>\r\n<\/div>\r\n\r\n<style>\r\n  .hf-banner {\r\n    background:#234981; \/* bleu de fond *\/\r\n    border-radius:14px;\r\n    padding:32px 24px;\r\n    text-align:center;\r\n    color:#fff;\r\n    max-width:880px;\r\n    margin:20px auto;\r\n    font-family:\"Poppins\", system-ui, sans-serif;\r\n  }\r\n\r\n  .hf-banner h3 {\r\n    margin:0 0 16px;\r\n    font-size:20px;\r\n    font-weight:700;\r\n    color:#fff; \/* titre en blanc *\/\r\n  }\r\n\r\n  .hf-banner p {\r\n    font-size:14px;\r\n    line-height:1.6;\r\n    margin:0 0 20px;\r\n  }\r\n\r\n  .hf-btn {\r\n    display:inline-block;\r\n    background:#fff;\r\n    color:#000;\r\n    font-size:15px;\r\n    font-weight:600;\r\n    text-decoration:none;\r\n    padding:5px 38px; \/* plus grand padding *\/\r\n    border-radius:40px; \/* arrondi style pill *\/\r\n    box-shadow:0 3px 8px rgba(0,0,0,0.15);\r\n    transition:all .25s ease;\r\n  }\r\n\r\n  .hf-btn:hover {\r\n    background:#f5f5f5;\r\n    color:#234981;\r\n  }\r\n<\/style>\r\n\t\t\t\t<\/div>\n\t\t\t\t<\/div>\n\t\t\t\t\t<\/div>\n\t\t\t\t<\/div>\n\t\t\t\t<\/div>","protected":false},"excerpt":{"rendered":"<p>1. Gen\u00e8ve et environs : qualit\u00e9 de vie maximale, budget \u00e9lev\u00e9 Gen\u00e8ve offre un cadre de vie typiquement suisse : s\u00e9curit\u00e9 tr\u00e8s \u00e9lev\u00e9e, propret\u00e9 irr\u00e9prochable, services publics performants, mobilit\u00e9 facilit\u00e9e par un r\u00e9seau dense de bus et trams. C\u2019est la zone id\u00e9ale pour ceux qui recherchent le confort urbain, la proximit\u00e9 imm\u00e9diate du travail et [&hellip;]<\/p>\n","protected":false},"author":3,"featured_media":47229,"comment_status":"open","ping_status":"closed","sticky":false,"template":"","format":"standard","meta":{"_hf_hero_excerpt":"Choisir o\u00f9 vivre quand on travaille en Suisse est une d\u00e9cision strat\u00e9gique : co\u00fbt du logement, transports, s\u00e9curit\u00e9, fiscalit\u00e9, temps de trajet\u2026 chaque zone frontali\u00e8re a ses avantages et inconv\u00e9nients.\r\nCe guide vous aide \u00e0 comparer les principales r\u00e9gions autour de Gen\u00e8ve pour trouver celle qui correspond r\u00e9ellement \u00e0 votre style de vie et \u00e0 votre budget.","_hf_hero_enabled":true,"footnotes":""},"categories":[113],"tags":[91],"class_list":["post-47227","post","type-post","status-publish","format-standard","has-post-thumbnail","hentry","category-guides","tag-logement-immobilier-transport-suisse-frontalier"],"_links":{"self":[{"href":"https:\/\/helpfrontaliers.ch\/en\/wp-json\/wp\/v2\/posts\/47227","targetHints":{"allow":["GET"]}}],"collection":[{"href":"https:\/\/helpfrontaliers.ch\/en\/wp-json\/wp\/v2\/posts"}],"about":[{"href":"https:\/\/helpfrontaliers.ch\/en\/wp-json\/wp\/v2\/types\/post"}],"author":[{"embeddable":true,"href":"https:\/\/helpfrontaliers.ch\/en\/wp-json\/wp\/v2\/users\/3"}],"replies":[{"embeddable":true,"href":"https:\/\/helpfrontaliers.ch\/en\/wp-json\/wp\/v2\/comments?post=47227"}],"version-history":[{"count":0,"href":"https:\/\/helpfrontaliers.ch\/en\/wp-json\/wp\/v2\/posts\/47227\/revisions"}],"wp:featuredmedia":[{"embeddable":true,"href":"https:\/\/helpfrontaliers.ch\/en\/wp-json\/wp\/v2\/media\/47229"}],"wp:attachment":[{"href":"https:\/\/helpfrontaliers.ch\/en\/wp-json\/wp\/v2\/media?parent=47227"}],"wp:term":[{"taxonomy":"category","embeddable":true,"href":"https:\/\/helpfrontaliers.ch\/en\/wp-json\/wp\/v2\/categories?post=47227"},{"taxonomy":"post_tag","embeddable":true,"href":"https:\/\/helpfrontaliers.ch\/en\/wp-json\/wp\/v2\/tags?post=47227"}],"curies":[{"name":"wp","href":"https:\/\/api.w.org\/{rel}","templated":true}]}}