{"id":70023,"date":"2026-01-28T09:00:00","date_gmt":"2026-01-28T08:00:00","guid":{"rendered":"https:\/\/helpfrontaliers.ch\/?p=70023"},"modified":"2026-03-14T11:34:52","modified_gmt":"2026-03-14T10:34:52","slug":"transports-en-region-genevoise","status":"publish","type":"post","link":"https:\/\/helpfrontaliers.ch\/en\/guides\/transports-en-region-genevoise\/","title":{"rendered":"Transports en r\u00e9gion genevoise : comment optimiser vos trajets au quotidien"},"content":{"rendered":"<div data-elementor-type=\"wp-post\" data-elementor-id=\"70023\" class=\"elementor elementor-70023\">\n\t\t\t\t<div class=\"elementor-element elementor-element-08e2fc2 e-flex e-con-boxed e-con e-parent\" data-id=\"08e2fc2\" data-element_type=\"container\" data-e-type=\"container\">\n\t\t\t\t\t<div class=\"e-con-inner\">\n\t\t\t\t<div class=\"elementor-element-custom_font_size elementor-element-custom_font_family elementor-element-custom_color elementor-element elementor-element-b3ded51 elementor-widget elementor-widget-text-editor\" data-id=\"b3ded51\" data-element_type=\"widget\" data-e-type=\"widget\" data-widget_type=\"text-editor.default\">\n\t\t\t\t<div class=\"elementor-widget-container\">\n\t\t\t\t\t\t\t\t\t<h2 data-start=\"1026\" data-end=\"1086\">Un r\u00e9seau local performant mais \u00e0 conna\u00eetre en profondeur<\/h2><p data-start=\"1088\" data-end=\"1493\">Au c\u0153ur de Gen\u00e8ve, les <strong>Transports Publics Genevois<\/strong> (TPG) constituent la colonne vert\u00e9brale de la mobilit\u00e9 urbaine et p\u00e9riurbaine. Avec plus de 426 km de lignes couvrant bus, tramways, bateaux et trains, ce r\u00e9seau permet des d\u00e9placements rapides et r\u00e9guliers entre les quartiers, tout en s\u2019\u00e9tendant vers <strong>certaines communes voisines et des parties de la France voisine<\/strong>. <span class=\"\" data-state=\"closed\"><\/span><\/p><p data-start=\"1495\" data-end=\"2048\">Ce r\u00e9seau public est non seulement <strong>dense<\/strong>, mais aussi <strong>int\u00e9gr\u00e9<\/strong> gr\u00e2ce au syst\u00e8me tarifaire <strong>UNIRESO<\/strong>, qui offre un <strong>titre unique utilisable sur l\u2019ensemble des modes de transport<\/strong> et aux horaires adapt\u00e9s. Avant de planifier vos trajets quotidiens, prenez le temps de vous familiariser avec les <strong>zones tarifaires<\/strong> et les <strong>options d\u2019abonnements<\/strong> : non seulement cela simplifie votre quotidien, mais cela peut aussi r\u00e9duire consid\u00e9rablement vos co\u00fbts de transport, surtout si vous utilisez fr\u00e9quemment plusieurs types de services.<\/p>\t\t\t\t\t\t\t\t<\/div>\n\t\t\t\t<\/div>\n\t\t\t\t<div class=\"elementor-element elementor-element-45dcffb elementor-widget elementor-widget-html\" data-id=\"45dcffb\" data-element_type=\"widget\" data-e-type=\"widget\" data-widget_type=\"html.default\">\n\t\t\t\t<div class=\"elementor-widget-container\">\n\t\t\t\t\t<!-- Tip Banner -->\r\n<div class=\"hf-tip\">\r\n  <span class=\"hf-tip-icon\">\ud83d\udca1<\/span>\r\n  <span class=\"hf-tip-text\">\r\n    Testez un abonnement mensuel avant de passer \u00e0 l\u2019annuel.\r\n  <\/span>\r\n<\/div>\r\n\r\n<style>\r\n  .hf-tip{\r\n    background:#f5f5fe;\r\n    border-radius:14px;\r\n    padding:12px 16px;\r\n    color:#0f172a;           \/* texte fonc\u00e9 lisible *\/\r\n    font: 500 14px\/1.5 \"Poppins\", system-ui, -apple-system, Segoe UI, Roboto, Arial, sans-serif;\r\n    display:flex;\r\n    align-items:center;\r\n    gap:10px;\r\n    box-shadow: 0 6px 18px -12px rgba(16,24,40,.22);\r\n    max-width: 100%;\r\n  }\r\n  .hf-tip-icon{ font-size:18px; line-height:1; }\r\n  .hf-tip-text{ display:inline-block; }\r\n<\/style>\r\n\t\t\t\t<\/div>\n\t\t\t\t<\/div>\n\t\t\t\t\t<\/div>\n\t\t\t\t<\/div>\n\t\t<div class=\"elementor-element elementor-element-7ead6a0 e-flex e-con-boxed e-con e-parent\" data-id=\"7ead6a0\" data-element_type=\"container\" data-e-type=\"container\">\n\t\t\t\t\t<div class=\"e-con-inner\">\n\t\t\t\t<div class=\"elementor-element-custom_font_size elementor-element-custom_font_family elementor-element-custom_color elementor-element elementor-element-905366a elementor-widget elementor-widget-text-editor\" data-id=\"905366a\" data-element_type=\"widget\" data-e-type=\"widget\" data-widget_type=\"text-editor.default\">\n\t\t\t\t<div class=\"elementor-widget-container\">\n\t\t\t\t\t\t\t\t\t<h2 data-start=\"2050\" data-end=\"2105\">Favoriser les d\u00e9placements doux pour plus de libert\u00e9<\/h2><p data-start=\"2107\" data-end=\"2499\">Gen\u00e8ve n\u2019est pas seulement efficace pour les transports en commun : elle encourage aussi fortement les <strong>alternatives actives<\/strong> comme <strong>la marche<\/strong> et <strong>le v\u00e9lo<\/strong>. Les <strong>am\u00e9nagements cyclables<\/strong> progressent continuellement, avec des<strong> voies d\u00e9di\u00e9es<\/strong> et des <strong>parkings s\u00e9curis\u00e9s<\/strong>, ce qui facilite l\u2019usage du v\u00e9lo pour les trajets courts ou combin\u00e9s avec les transports publics. <span class=\"\" data-state=\"closed\"><\/span><\/p><p data-start=\"2501\" data-end=\"3031\">Du point de vue pratique, int\u00e9grer le v\u00e9lo dans votre mobilit\u00e9 quotidienne signifie <strong>moins de d\u00e9pendance aux contraintes de circulation<\/strong> <strong>automobile<\/strong>, tout en <strong>am\u00e9liorant votre bien-\u00eatre et votre sant\u00e9<\/strong>. Si vous habitez \u00e0 une distance raisonnable de votre lieu de travail ou des hubs de transport, une <strong>combinaison v\u00e9lo + transports publics<\/strong> est souvent l\u2019option la plus <strong>efficace<\/strong> : elle vous permet de <strong>r\u00e9duire votre empreinte carbone<\/strong> tout en <strong>\u00e9vitant stress et retards<\/strong> li\u00e9s aux encombrements routiers.<\/p>\t\t\t\t\t\t\t\t<\/div>\n\t\t\t\t<\/div>\n\t\t\t\t<div class=\"elementor-element elementor-element-72c2971 elementor-widget elementor-widget-html\" data-id=\"72c2971\" data-element_type=\"widget\" data-e-type=\"widget\" data-widget_type=\"html.default\">\n\t\t\t\t<div class=\"elementor-widget-container\">\n\t\t\t\t\t<!-- Tip Banner -->\r\n<div class=\"hf-tip\">\r\n  <span class=\"hf-tip-icon\">\ud83d\udca1<\/span>\r\n  <span class=\"hf-tip-text\">\r\n    Pour moins de 5 km, le v\u00e9lo est souvent plus rapide que la voiture.\r\n  <\/span>\r\n<\/div>\r\n\r\n<style>\r\n  .hf-tip{\r\n    background:#f5f5fe;\r\n    border-radius:14px;\r\n    padding:12px 16px;\r\n    color:#0f172a;           \/* texte fonc\u00e9 lisible *\/\r\n    font: 500 14px\/1.5 \"Poppins\", system-ui, -apple-system, Segoe UI, Roboto, Arial, sans-serif;\r\n    display:flex;\r\n    align-items:center;\r\n    gap:10px;\r\n    box-shadow: 0 6px 18px -12px rgba(16,24,40,.22);\r\n    max-width: 100%;\r\n  }\r\n  .hf-tip-icon{ font-size:18px; line-height:1; }\r\n  .hf-tip-text{ display:inline-block; }\r\n<\/style>\r\n\t\t\t\t<\/div>\n\t\t\t\t<\/div>\n\t\t\t\t\t<\/div>\n\t\t\t\t<\/div>\n\t\t<div class=\"elementor-element elementor-element-e7c7f0b e-flex e-con-boxed e-con e-parent\" data-id=\"e7c7f0b\" data-element_type=\"container\" data-e-type=\"container\">\n\t\t\t\t\t<div class=\"e-con-inner\">\n\t\t\t\t<div class=\"elementor-element elementor-element-42728fb elementor-align-center elementor-widget elementor-widget-button\" data-id=\"42728fb\" data-element_type=\"widget\" data-e-type=\"widget\" data-widget_type=\"button.default\">\n\t\t\t\t<div class=\"elementor-widget-container\">\n\t\t\t\t\t\t\t\t\t<div class=\"elementor-button-wrapper\">\n\t\t\t\t\t<a class=\"elementor-button elementor-button-link elementor-size-sm\" href=\"https:\/\/helpfrontaliers.ch\/en\/frontaliers\/transports-pour-les-frontaliers\/\">\n\t\t\t\t\t\t<span class=\"elementor-button-content-wrapper\">\n\t\t\t\t\t\t\t\t\t<span class=\"elementor-button-text\">Find out more<\/span>\n\t\t\t\t\t<\/span>\n\t\t\t\t\t<\/a>\n\t\t\t\t<\/div>\n\t\t\t\t\t\t\t\t<\/div>\n\t\t\t\t<\/div>\n\t\t\t\t<div class=\"elementor-element-custom_font_size elementor-element-custom_font_family elementor-element-custom_color elementor-element elementor-element-0c24891 elementor-widget elementor-widget-text-editor\" data-id=\"0c24891\" data-element_type=\"widget\" data-e-type=\"widget\" data-widget_type=\"text-editor.default\">\n\t\t\t\t<div class=\"elementor-widget-container\">\n\t\t\t\t\t\t\t\t\t<h2 data-start=\"3033\" data-end=\"3098\">Transports transfrontaliers : fluidit\u00e9 et options alternatives<\/h2><p data-start=\"3100\" data-end=\"3592\">Pour les frontaliers vivant en France et travaillant \u00e0 Gen\u00e8ve, les d\u00e9fis de mobilit\u00e9 sont encore plus prononc\u00e9s. Conscients de cette r\u00e9alit\u00e9, les autorit\u00e9s suisses et fran\u00e7aises ont d\u00e9velopp\u00e9 des <strong>solutions de transport transfrontalier modernes<\/strong>. <strong>Le L\u00e9man Express<\/strong>, par exemple, repr\u00e9sente une avanc\u00e9e majeure : ce r\u00e9seau ferroviaire relie 45 gares sur 230 km, offrant une <strong>liaison directe et rapide entre Gen\u00e8ve, le canton de Vaud, l\u2019Ain et la Haute-Savoie<\/strong>. <span class=\"\" data-state=\"closed\"><\/span><\/p><p data-start=\"3594\" data-end=\"3999\">Cette ligne ne simplifie pas seulement les trajets quotidiens : elle <strong>transforme l\u2019exp\u00e9rience de mobilit\u00e9 transfrontali\u00e8re en une solution fiable, confortable et souvent plus rapide<\/strong> que la voiture aux heures de pointe. En compl\u00e9ment, certaines lignes TPG desservent aussi des localit\u00e9s frontali\u00e8res, permettant une <strong>transversalit\u00e9 des r\u00e9seaux public suisse et fran\u00e7ais<\/strong>.<\/p>\t\t\t\t\t\t\t\t<\/div>\n\t\t\t\t<\/div>\n\t\t\t\t<div class=\"elementor-element elementor-element-48c923a elementor-widget elementor-widget-html\" data-id=\"48c923a\" data-element_type=\"widget\" data-e-type=\"widget\" data-widget_type=\"html.default\">\n\t\t\t\t<div class=\"elementor-widget-container\">\n\t\t\t\t\t<!-- Tip Banner -->\r\n<div class=\"hf-tip\">\r\n  <span class=\"hf-tip-icon\">\ud83d\udca1<\/span>\r\n  <span class=\"hf-tip-text\">\r\n    Privil\u00e9giez une gare L\u00e9man Express plut\u00f4t que la proximit\u00e9 g\u00e9ographique de Gen\u00e8ve.\r\n  <\/span>\r\n<\/div>\r\n\r\n<style>\r\n  .hf-tip{\r\n    background:#f5f5fe;\r\n    border-radius:14px;\r\n    padding:12px 16px;\r\n    color:#0f172a;           \/* texte fonc\u00e9 lisible *\/\r\n    font: 500 14px\/1.5 \"Poppins\", system-ui, -apple-system, Segoe UI, Roboto, Arial, sans-serif;\r\n    display:flex;\r\n    align-items:center;\r\n    gap:10px;\r\n    box-shadow: 0 6px 18px -12px rgba(16,24,40,.22);\r\n    max-width: 100%;\r\n  }\r\n  .hf-tip-icon{ font-size:18px; line-height:1; }\r\n  .hf-tip-text{ display:inline-block; }\r\n<\/style>\r\n\t\t\t\t<\/div>\n\t\t\t\t<\/div>\n\t\t\t\t\t<\/div>\n\t\t\t\t<\/div>\n\t\t<div class=\"elementor-element elementor-element-9a1d1a8 e-flex e-con-boxed e-con e-parent\" data-id=\"9a1d1a8\" data-element_type=\"container\" data-e-type=\"container\">\n\t\t\t\t\t<div class=\"e-con-inner\">\n\t\t\t\t<div class=\"elementor-element-custom_font_size elementor-element-custom_font_family elementor-element-custom_color elementor-element elementor-element-512968d elementor-widget elementor-widget-text-editor\" data-id=\"512968d\" data-element_type=\"widget\" data-e-type=\"widget\" data-widget_type=\"text-editor.default\">\n\t\t\t\t<div class=\"elementor-widget-container\">\n\t\t\t\t\t\t\t\t\t<h2 data-start=\"4001\" data-end=\"4054\">Pensez strat\u00e9giquement avant de choisir la voiture<\/h2><p data-start=\"4056\" data-end=\"4485\">Pour beaucoup, <strong>la voiture reste une option pratique<\/strong>, surtout si votre domicile n\u2019est pas bien desservi par les transports publics. Cependant, conduire \u00e0 Gen\u00e8ve, notamment en centre-ville ou aux heures d\u2019intense trafic frontalier, peut devenir <strong>co\u00fbteux et frustrant<\/strong>. <strong>Les parkings y sont<\/strong> <strong>chers et les embouteillages fr\u00e9quents<\/strong>, ce qui r\u00e9duit souvent l\u2019avantage per\u00e7u de la voiture individuelle. <span class=\"\" data-state=\"closed\"><\/span><\/p><p data-start=\"4487\" data-end=\"5026\">Face \u00e0 ce constat, int\u00e9grer des solutions plus intelligentes dans votre plan de mobilit\u00e9 peut faire toute la diff\u00e9rence. Par exemple, des <strong>parkings relais<\/strong> aux fronti\u00e8res vous permettent de garer votre v\u00e9hicule puis de continuer en train ou en bus jusqu\u2019\u00e0 Gen\u00e8ve, <strong>r\u00e9duisant ainsi votre stress et vos d\u00e9penses li\u00e9es au stationnement en ville<\/strong>. Des <strong>plateformes de covoiturage<\/strong> existantes facilitent \u00e9galement les trajets partag\u00e9s, ce qui peut <strong>r\u00e9duire vos co\u00fbts<\/strong> tout en <strong>am\u00e9liorant votre empreinte \u00e9cologique<\/strong>. <span class=\"\" data-state=\"closed\"><\/span><\/p>\t\t\t\t\t\t\t\t<\/div>\n\t\t\t\t<\/div>\n\t\t\t\t<div class=\"elementor-element elementor-element-a4cebd5 elementor-widget elementor-widget-html\" data-id=\"a4cebd5\" data-element_type=\"widget\" data-e-type=\"widget\" data-widget_type=\"html.default\">\n\t\t\t\t<div class=\"elementor-widget-container\">\n\t\t\t\t\t<!-- Tip Banner -->\r\n<div class=\"hf-tip\">\r\n  <span class=\"hf-tip-icon\">\ud83d\udca1<\/span>\r\n  <span class=\"hf-tip-text\">\r\n    Comparez le co\u00fbt r\u00e9el voiture vs parking-relais + train.\r\n  <\/span>\r\n<\/div>\r\n\r\n<style>\r\n  .hf-tip{\r\n    background:#f5f5fe;\r\n    border-radius:14px;\r\n    padding:12px 16px;\r\n    color:#0f172a;           \/* texte fonc\u00e9 lisible *\/\r\n    font: 500 14px\/1.5 \"Poppins\", system-ui, -apple-system, Segoe UI, Roboto, Arial, sans-serif;\r\n    display:flex;\r\n    align-items:center;\r\n    gap:10px;\r\n    box-shadow: 0 6px 18px -12px rgba(16,24,40,.22);\r\n    max-width: 100%;\r\n  }\r\n  .hf-tip-icon{ font-size:18px; line-height:1; }\r\n  .hf-tip-text{ display:inline-block; }\r\n<\/style>\r\n\t\t\t\t<\/div>\n\t\t\t\t<\/div>\n\t\t\t\t\t<\/div>\n\t\t\t\t<\/div>\n\t\t<div class=\"elementor-element elementor-element-5c8ba75 e-flex e-con-boxed e-con e-parent\" data-id=\"5c8ba75\" data-element_type=\"container\" data-e-type=\"container\">\n\t\t\t\t\t<div class=\"e-con-inner\">\n\t\t\t\t<div class=\"elementor-element-custom_font_size elementor-element-custom_font_family elementor-element-custom_color elementor-element elementor-element-463591e elementor-widget elementor-widget-text-editor\" data-id=\"463591e\" data-element_type=\"widget\" data-e-type=\"widget\" data-widget_type=\"text-editor.default\">\n\t\t\t\t<div class=\"elementor-widget-container\">\n\t\t\t\t\t\t\t\t\t<h2 data-start=\"5028\" data-end=\"5068\">Adapter vos choix \u00e0 votre mode de vie<\/h2><p data-start=\"5070\" data-end=\"5597\">La mobilit\u00e9 en r\u00e9gion genevoise n\u2019est pas une question de choix unique universel : <strong>elle d\u00e9pend de votre situation personnelle<\/strong>, <strong>de la fr\u00e9quence de vos d\u00e9placements, de votre budget et de votre tol\u00e9rance au changement<\/strong>. Pour optimiser r\u00e9ellement vos trajets, commencez par <strong>analyser vos flux de d\u00e9placement quotidiens,<\/strong>\u00a0o\u00f9 vous habitez, o\u00f9 vous travaillez, et \u00e0 quelles heures vous circulez le plus. Ensuite, <strong>explorez les diff\u00e9rentes combinaisons possibles<\/strong> entre transports publics, v\u00e9lo, train transfrontalier et voiture partag\u00e9e.<\/p>\t\t\t\t\t\t\t\t<\/div>\n\t\t\t\t<\/div>\n\t\t\t\t<div class=\"elementor-element elementor-element-91f8027 elementor-widget elementor-widget-html\" data-id=\"91f8027\" data-element_type=\"widget\" data-e-type=\"widget\" data-widget_type=\"html.default\">\n\t\t\t\t<div class=\"elementor-widget-container\">\n\t\t\t\t\t<!-- Tip Banner -->\r\n<div class=\"hf-tip\">\r\n  <span class=\"hf-tip-icon\">\ud83d\udca1<\/span>\r\n  <span class=\"hf-tip-text\">\r\n    R\u00e9\u00e9valuez votre solution de transport une fois par an.\r\n  <\/span>\r\n<\/div>\r\n\r\n<style>\r\n  .hf-tip{\r\n    background:#f5f5fe;\r\n    border-radius:14px;\r\n    padding:12px 16px;\r\n    color:#0f172a;           \/* texte fonc\u00e9 lisible *\/\r\n    font: 500 14px\/1.5 \"Poppins\", system-ui, -apple-system, Segoe UI, Roboto, Arial, sans-serif;\r\n    display:flex;\r\n    align-items:center;\r\n    gap:10px;\r\n    box-shadow: 0 6px 18px -12px rgba(16,24,40,.22);\r\n    max-width: 100%;\r\n  }\r\n  .hf-tip-icon{ font-size:18px; line-height:1; }\r\n  .hf-tip-text{ display:inline-block; }\r\n<\/style>\r\n\t\t\t\t<\/div>\n\t\t\t\t<\/div>\n\t\t\t\t<div class=\"elementor-element elementor-element-2e2efc6 elementor-widget elementor-widget-html\" data-id=\"2e2efc6\" data-element_type=\"widget\" data-e-type=\"widget\" data-widget_type=\"html.default\">\n\t\t\t\t<div class=\"elementor-widget-container\">\n\t\t\t\t\t<!-- Conseil Banner -->\r\n<div class=\"hf-banner\">\r\n  <h3>EN CONCLUSION <\/h3>\r\n  <p>\r\n    En adoptant une approche r\u00e9fl\u00e9chie et flexible, vous pouvez non seulement gagner du temps et r\u00e9duire vos co\u00fbts, mais aussi am\u00e9liorer durablement votre confort de vie au quotidien. En mobilisant les bons outils et en vous tenant inform\u00e9 des \u00e9volutions des r\u00e9seaux, vous transformerez votre mobilit\u00e9 r\u00e9gionale en un v\u00e9ritable avantage comp\u00e9titif et personnel.\r\n  <\/p>\r\n<\/div>\r\n\r\n<style>\r\n  .hf-banner {\r\n    background:#234981; \/* bleu de fond *\/\r\n    border-radius:14px;\r\n    padding:32px 24px;\r\n    text-align:center;\r\n    color:#fff;\r\n    max-width:880px;\r\n    margin:20px auto;\r\n    font-family:\"Poppins\", system-ui, sans-serif;\r\n  }\r\n\r\n  .hf-banner h3 {\r\n    margin:0 0 16px;\r\n    font-size:20px;\r\n    font-weight:700;\r\n    color:#fff; \/* titre en blanc *\/\r\n  }\r\n\r\n  .hf-banner p {\r\n    font-size:14px;\r\n    line-height:1.6;\r\n    margin:0 0 20px;\r\n  }\r\n\r\n  .hf-btn {\r\n    display:inline-block;\r\n    background:#fff;\r\n    color:#000;\r\n    font-size:15px;\r\n    font-weight:600;\r\n    text-decoration:none;\r\n    padding:5px 38px; \/* plus grand padding *\/\r\n    border-radius:40px; \/* arrondi style pill *\/\r\n    box-shadow:0 3px 8px rgba(0,0,0,0.15);\r\n    transition:all .25s ease;\r\n  }\r\n\r\n  .hf-btn:hover {\r\n    background:#f5f5f5;\r\n    color:#234981;\r\n  }\r\n<\/style>\r\n\t\t\t\t<\/div>\n\t\t\t\t<\/div>\n\t\t\t\t\t<\/div>\n\t\t\t\t<\/div>\n\t\t<div class=\"elementor-element elementor-element-4cfb9ba e-flex e-con-boxed e-con e-parent\" data-id=\"4cfb9ba\" data-element_type=\"container\" data-e-type=\"container\">\n\t\t\t\t\t<div class=\"e-con-inner\">\n\t\t\t\t<div class=\"elementor-element elementor-element-1acf3cb elementor-widget elementor-widget-heading\" data-id=\"1acf3cb\" data-element_type=\"widget\" data-e-type=\"widget\" data-widget_type=\"heading.default\">\n\t\t\t\t<div class=\"elementor-widget-container\">\n\t\t\t\t\t<h4 class=\"elementor-heading-title elementor-size-default\">Foire aux questions<\/h4>\t\t\t\t<\/div>\n\t\t\t\t<\/div>\n\t\t\t\t<div class=\"elementor-element elementor-element-eb16b56 elementor-widget elementor-widget-toggle\" data-id=\"eb16b56\" data-element_type=\"widget\" data-e-type=\"widget\" data-widget_type=\"toggle.default\">\n\t\t\t\t<div class=\"elementor-widget-container\">\n\t\t\t\t\t\t\t<div class=\"elementor-toggle\">\n\t\t\t\t\t\t\t<div class=\"elementor-toggle-item\">\n\t\t\t\t\t<div id=\"elementor-tab-title-2461\" class=\"elementor-tab-title\" data-tab=\"1\" role=\"button\" aria-controls=\"elementor-tab-content-2461\" aria-expanded=\"false\">\n\t\t\t\t\t\t\t\t\t\t\t\t<span class=\"elementor-toggle-icon elementor-toggle-icon-left\" aria-hidden=\"true\">\n\t\t\t\t\t\t\t\t\t\t\t\t\t\t\t<span class=\"elementor-toggle-icon-closed\"><i class=\"fas fa-caret-right\"><\/i><\/span>\n\t\t\t\t\t\t\t\t<span class=\"elementor-toggle-icon-opened\"><i class=\"elementor-toggle-icon-opened fas fa-caret-up\"><\/i><\/span>\n\t\t\t\t\t\t\t\t\t\t\t\t\t<\/span>\n\t\t\t\t\t\t\t\t\t\t\t\t<a class=\"elementor-toggle-title\" tabindex=\"0\">Quels sont les principaux moyens de transport en r\u00e9gion genevoise ?<\/a>\n\t\t\t\t\t<\/div>\n\n\t\t\t\t\t<div id=\"elementor-tab-content-2461\" class=\"elementor-tab-content elementor-clearfix\" data-tab=\"1\" role=\"region\" aria-labelledby=\"elementor-tab-title-2461\"><p data-start=\"231\" data-end=\"421\">La <strong>r\u00e9gion genevoise<\/strong> dispose d\u2019un r\u00e9seau complet combinant <strong>transports publics<\/strong> (TPG, L\u00e9man Express), <strong>mobilit\u00e9 douce<\/strong> (v\u00e9lo, marche) et <strong>solutions automobiles<\/strong> encadr\u00e9es comme les <strong>parkings-relais<\/strong>.<\/p><\/div>\n\t\t\t\t<\/div>\n\t\t\t\t\t\t\t<div class=\"elementor-toggle-item\">\n\t\t\t\t\t<div id=\"elementor-tab-title-2462\" class=\"elementor-tab-title\" data-tab=\"2\" role=\"button\" aria-controls=\"elementor-tab-content-2462\" aria-expanded=\"false\">\n\t\t\t\t\t\t\t\t\t\t\t\t<span class=\"elementor-toggle-icon elementor-toggle-icon-left\" aria-hidden=\"true\">\n\t\t\t\t\t\t\t\t\t\t\t\t\t\t\t<span class=\"elementor-toggle-icon-closed\"><i class=\"fas fa-caret-right\"><\/i><\/span>\n\t\t\t\t\t\t\t\t<span class=\"elementor-toggle-icon-opened\"><i class=\"elementor-toggle-icon-opened fas fa-caret-up\"><\/i><\/span>\n\t\t\t\t\t\t\t\t\t\t\t\t\t<\/span>\n\t\t\t\t\t\t\t\t\t\t\t\t<a class=\"elementor-toggle-title\" tabindex=\"0\">Le r\u00e9seau TPG est-il adapt\u00e9 aux frontaliers ?<\/a>\n\t\t\t\t\t<\/div>\n\n\t\t\t\t\t<div id=\"elementor-tab-content-2462\" class=\"elementor-tab-content elementor-clearfix\" data-tab=\"2\" role=\"region\" aria-labelledby=\"elementor-tab-title-2462\"><p data-start=\"473\" data-end=\"644\">Oui, certaines lignes TPG desservent directement des <strong>communes fran\u00e7aises<\/strong> et sont <strong>interconnect\u00e9es avec le L\u00e9man Express<\/strong>, facilitant les trajets transfrontaliers quotidiens.<\/p><\/div>\n\t\t\t\t<\/div>\n\t\t\t\t\t\t\t<div class=\"elementor-toggle-item\">\n\t\t\t\t\t<div id=\"elementor-tab-title-2463\" class=\"elementor-tab-title\" data-tab=\"3\" role=\"button\" aria-controls=\"elementor-tab-content-2463\" aria-expanded=\"false\">\n\t\t\t\t\t\t\t\t\t\t\t\t<span class=\"elementor-toggle-icon elementor-toggle-icon-left\" aria-hidden=\"true\">\n\t\t\t\t\t\t\t\t\t\t\t\t\t\t\t<span class=\"elementor-toggle-icon-closed\"><i class=\"fas fa-caret-right\"><\/i><\/span>\n\t\t\t\t\t\t\t\t<span class=\"elementor-toggle-icon-opened\"><i class=\"elementor-toggle-icon-opened fas fa-caret-up\"><\/i><\/span>\n\t\t\t\t\t\t\t\t\t\t\t\t\t<\/span>\n\t\t\t\t\t\t\t\t\t\t\t\t<a class=\"elementor-toggle-title\" tabindex=\"0\">Le L\u00e9man Express est-il fiable pour aller travailler \u00e0 Gen\u00e8ve ?<\/a>\n\t\t\t\t\t<\/div>\n\n\t\t\t\t\t<div id=\"elementor-tab-content-2463\" class=\"elementor-tab-content elementor-clearfix\" data-tab=\"3\" role=\"region\" aria-labelledby=\"elementor-tab-title-2463\"><p data-start=\"714\" data-end=\"906\">Le L\u00e9man Express est aujourd\u2019hui l\u2019un des moyens les plus fiables pour les frontaliers, avec une <strong>fr\u00e9quence \u00e9lev\u00e9e<\/strong> et des <strong>temps de trajet souvent plus courts<\/strong> qu\u2019en voiture aux heures de pointe.<\/p><\/div>\n\t\t\t\t<\/div>\n\t\t\t\t\t\t\t<div class=\"elementor-toggle-item\">\n\t\t\t\t\t<div id=\"elementor-tab-title-2464\" class=\"elementor-tab-title\" data-tab=\"4\" role=\"button\" aria-controls=\"elementor-tab-content-2464\" aria-expanded=\"false\">\n\t\t\t\t\t\t\t\t\t\t\t\t<span class=\"elementor-toggle-icon elementor-toggle-icon-left\" aria-hidden=\"true\">\n\t\t\t\t\t\t\t\t\t\t\t\t\t\t\t<span class=\"elementor-toggle-icon-closed\"><i class=\"fas fa-caret-right\"><\/i><\/span>\n\t\t\t\t\t\t\t\t<span class=\"elementor-toggle-icon-opened\"><i class=\"elementor-toggle-icon-opened fas fa-caret-up\"><\/i><\/span>\n\t\t\t\t\t\t\t\t\t\t\t\t\t<\/span>\n\t\t\t\t\t\t\t\t\t\t\t\t<a class=\"elementor-toggle-title\" tabindex=\"0\">Faut-il privil\u00e9gier la voiture ou les transports publics \u00e0 Gen\u00e8ve ?<\/a>\n\t\t\t\t\t<\/div>\n\n\t\t\t\t\t<div id=\"elementor-tab-content-2464\" class=\"elementor-tab-content elementor-clearfix\" data-tab=\"4\" role=\"region\" aria-labelledby=\"elementor-tab-title-2464\"><p data-start=\"980\" data-end=\"1160\">Dans la majorit\u00e9 des cas, les transports publics sont <strong>plus \u00e9conomiques<\/strong> et <strong>plus rapides en centre-ville<\/strong>, surtout si l\u2019on tient compte du <strong>co\u00fbt du stationnement et des embouteillages<\/strong>.<\/p><\/div>\n\t\t\t\t<\/div>\n\t\t\t\t\t\t\t<div class=\"elementor-toggle-item\">\n\t\t\t\t\t<div id=\"elementor-tab-title-2465\" class=\"elementor-tab-title\" data-tab=\"5\" role=\"button\" aria-controls=\"elementor-tab-content-2465\" aria-expanded=\"false\">\n\t\t\t\t\t\t\t\t\t\t\t\t<span class=\"elementor-toggle-icon elementor-toggle-icon-left\" aria-hidden=\"true\">\n\t\t\t\t\t\t\t\t\t\t\t\t\t\t\t<span class=\"elementor-toggle-icon-closed\"><i class=\"fas fa-caret-right\"><\/i><\/span>\n\t\t\t\t\t\t\t\t<span class=\"elementor-toggle-icon-opened\"><i class=\"elementor-toggle-icon-opened fas fa-caret-up\"><\/i><\/span>\n\t\t\t\t\t\t\t\t\t\t\t\t\t<\/span>\n\t\t\t\t\t\t\t\t\t\t\t\t<a class=\"elementor-toggle-title\" tabindex=\"0\">La mobilit\u00e9 en r\u00e9gion genevoise \u00e9volue-t-elle r\u00e9guli\u00e8rement ?<\/a>\n\t\t\t\t\t<\/div>\n\n\t\t\t\t\t<div id=\"elementor-tab-content-2465\" class=\"elementor-tab-content elementor-clearfix\" data-tab=\"5\" role=\"region\" aria-labelledby=\"elementor-tab-title-2465\"><p data-start=\"1905\" data-end=\"2068\">Oui, le r\u00e9seau est en <strong>am\u00e9lioration continue<\/strong>, avec de nouvelles lignes, des <strong>fr\u00e9quences renforc\u00e9es<\/strong> et des solutions toujours plus orient\u00e9es vers la <strong>mobilit\u00e9 durable<\/strong>.<\/p><\/div>\n\t\t\t\t<\/div>\n\t\t\t\t\t\t\t\t<\/div>\n\t\t\t\t\t\t<\/div>\n\t\t\t\t<\/div>\n\t\t\t\t<div class=\"elementor-element elementor-element-39631d5 elementor-widget elementor-widget-html\" data-id=\"39631d5\" data-element_type=\"widget\" data-e-type=\"widget\" data-widget_type=\"html.default\">\n\t\t\t\t<div class=\"elementor-widget-container\">\n\t\t\t\t\t<!-- Conseil Banner -->\r\n<div class=\"hf-banner\">\r\n  <h3>Besoin d\u2019un conseil ? <\/h3>\r\n  <p>\r\n    Vous avez des questions ? Contactez nous !<br \/>\r\n    Nous pourrons vous r\u00e9pondre par email ou par t\u00e9l\u00e9phone. Nos services accompagnent de nombreux frontaliers dans leurs d\u00e9marches administratives, sant\u00e9 etc... \r\n  <\/p>\r\n  <a href=\"\/en\/nous-contacter\/\" class=\"hf-btn\">Contact<\/a>\r\n<\/div>\r\n\r\n<style>\r\n  .hf-banner {\r\n    background:#234981; \/* bleu de fond *\/\r\n    border-radius:14px;\r\n    padding:32px 24px;\r\n    text-align:center;\r\n    color:#fff;\r\n    max-width:880px;\r\n    margin:20px auto;\r\n    font-family:\"Poppins\", system-ui, sans-serif;\r\n  }\r\n\r\n  .hf-banner h3 {\r\n    margin:0 0 16px;\r\n    font-size:20px;\r\n    font-weight:700;\r\n    color:#fff; \/* titre en blanc *\/\r\n  }\r\n\r\n  .hf-banner p {\r\n    font-size:14px;\r\n    line-height:1.6;\r\n    margin:0 0 20px;\r\n  }\r\n\r\n  .hf-btn {\r\n    display:inline-block;\r\n    background:#fff;\r\n    color:#000;\r\n    font-size:15px;\r\n    font-weight:600;\r\n    text-decoration:none;\r\n    padding:5px 38px; \/* plus grand padding *\/\r\n    border-radius:40px; \/* arrondi style pill *\/\r\n    box-shadow:0 3px 8px rgba(0,0,0,0.15);\r\n    transition:all .25s ease;\r\n  }\r\n\r\n  .hf-btn:hover {\r\n    background:#f5f5f5;\r\n    color:#234981;\r\n  }\r\n<\/style>\r\n\t\t\t\t<\/div>\n\t\t\t\t<\/div>\n\t\t\t\t\t<\/div>\n\t\t\t\t<\/div>\n\t\t\t\t<\/div>","protected":false},"excerpt":{"rendered":"<p>Un r\u00e9seau local performant mais \u00e0 conna\u00eetre en profondeur Au c\u0153ur de Gen\u00e8ve, les Transports Publics Genevois (TPG) constituent la colonne vert\u00e9brale de la mobilit\u00e9 urbaine et p\u00e9riurbaine. Avec plus de 426 km de lignes couvrant bus, tramways, bateaux et trains, ce r\u00e9seau permet des d\u00e9placements rapides et r\u00e9guliers entre les quartiers, tout en s\u2019\u00e9tendant [&hellip;]<\/p>\n","protected":false},"author":3,"featured_media":70025,"comment_status":"open","ping_status":"closed","sticky":false,"template":"","format":"standard","meta":{"_hf_hero_excerpt":"Vivre ou travailler en r\u00e9gion genevoise implique de ma\u00eetriser les options de mobilit\u00e9 disponibles, que vous soyez r\u00e9sident ou frontalier. Dans un territoire dynamique et dens\u00e9ment peupl\u00e9, choisir les bons modes de transport ne se limite pas \u00e0 gagner du temps : c\u2019est aussi une question de qualit\u00e9 de vie, d\u2019efficacit\u00e9 \u00e9conomique et d\u2019optimisation durable de vos d\u00e9placements. Le syst\u00e8me de mobilit\u00e9 \u00e0 Gen\u00e8ve est con\u00e7u pour r\u00e9pondre \u00e0 ces d\u00e9fis, mais tirer pleinement profit de ses atouts demande une r\u00e9elle compr\u00e9hension de son fonctionnement et quelques choix pratiques judicieux.","_hf_hero_enabled":true,"footnotes":""},"categories":[113],"tags":[103,102],"class_list":["post-70023","post","type-post","status-publish","format-standard","has-post-thumbnail","hentry","category-guides","tag-suisse","tag-transport-frontalier"],"_links":{"self":[{"href":"https:\/\/helpfrontaliers.ch\/en\/wp-json\/wp\/v2\/posts\/70023","targetHints":{"allow":["GET"]}}],"collection":[{"href":"https:\/\/helpfrontaliers.ch\/en\/wp-json\/wp\/v2\/posts"}],"about":[{"href":"https:\/\/helpfrontaliers.ch\/en\/wp-json\/wp\/v2\/types\/post"}],"author":[{"embeddable":true,"href":"https:\/\/helpfrontaliers.ch\/en\/wp-json\/wp\/v2\/users\/3"}],"replies":[{"embeddable":true,"href":"https:\/\/helpfrontaliers.ch\/en\/wp-json\/wp\/v2\/comments?post=70023"}],"version-history":[{"count":0,"href":"https:\/\/helpfrontaliers.ch\/en\/wp-json\/wp\/v2\/posts\/70023\/revisions"}],"wp:featuredmedia":[{"embeddable":true,"href":"https:\/\/helpfrontaliers.ch\/en\/wp-json\/wp\/v2\/media\/70025"}],"wp:attachment":[{"href":"https:\/\/helpfrontaliers.ch\/en\/wp-json\/wp\/v2\/media?parent=70023"}],"wp:term":[{"taxonomy":"category","embeddable":true,"href":"https:\/\/helpfrontaliers.ch\/en\/wp-json\/wp\/v2\/categories?post=70023"},{"taxonomy":"post_tag","embeddable":true,"href":"https:\/\/helpfrontaliers.ch\/en\/wp-json\/wp\/v2\/tags?post=70023"}],"curies":[{"name":"wp","href":"https:\/\/api.w.org\/{rel}","templated":true}]}}