{"id":70547,"date":"2026-02-11T09:00:00","date_gmt":"2026-02-11T08:00:00","guid":{"rendered":"https:\/\/helpfrontaliers.ch\/?p=70547"},"modified":"2026-03-14T11:34:31","modified_gmt":"2026-03-14T10:34:31","slug":"guide-complet-pour-comprendre-et-lire-un-contrat-de-travail-suisse","status":"publish","type":"post","link":"https:\/\/helpfrontaliers.ch\/en\/guides\/guide-complet-pour-comprendre-et-lire-un-contrat-de-travail-suisse\/","title":{"rendered":"Guide complet pour comprendre et lire un contrat de travail suisse"},"content":{"rendered":"<div data-elementor-type=\"wp-post\" data-elementor-id=\"70547\" class=\"elementor elementor-70547\">\n\t\t\t\t<div class=\"elementor-element elementor-element-08e2fc2 e-flex e-con-boxed e-con e-parent\" data-id=\"08e2fc2\" data-element_type=\"container\" data-e-type=\"container\">\n\t\t\t\t\t<div class=\"e-con-inner\">\n\t\t\t\t<div class=\"elementor-element-custom_font_size elementor-element-custom_font_family elementor-element-custom_color elementor-element elementor-element-b3ded51 elementor-widget elementor-widget-text-editor\" data-id=\"b3ded51\" data-element_type=\"widget\" data-e-type=\"widget\" data-widget_type=\"text-editor.default\">\n\t\t\t\t<div class=\"elementor-widget-container\">\n\t\t\t\t\t\t\t\t\t<h2 data-start=\"998\" data-end=\"1047\">Qu\u2019est-ce qu\u2019un contrat de travail en Suisse ?<\/h2><p data-start=\"1049\" data-end=\"1480\">Le contrat de travail suisse constitue l\u2019accord par lequel <strong data-start=\"1108\" data-end=\"1153\">l\u2019employ\u00e9 s\u2019engage \u00e0 accomplir un travail<\/strong> pour le compte de l\u2019employeur et <strong data-start=\"1187\" data-end=\"1247\">l\u2019employeur s\u2019engage \u00e0 verser une r\u00e9mun\u00e9ration en retour<\/strong>. Cette d\u00e9finition, simple en apparence, repose sur une logique de subordination : le salari\u00e9 ex\u00e9cute un travail sous la direction de l\u2019employeur, qui organise, dirige et contr\u00f4le cette activit\u00e9. <span class=\"\" data-state=\"closed\"><\/span><\/p><p data-start=\"1482\" data-end=\"1851\">Il est important de souligner que <strong data-start=\"1516\" data-end=\"1566\">la forme \u00e9crite n\u2019est pas toujours obligatoire<\/strong> pour qu\u2019un contrat soit valable : un contrat verbal ou m\u00eame un comportement r\u00e9p\u00e9titif peut suffire \u00e0 engager juridiquement les parties. N\u00e9anmoins, <strong data-start=\"1714\" data-end=\"1761\">le contrat \u00e9crit reste la norme recommand\u00e9e<\/strong> pour s\u00e9curiser les relations et \u00e9viter les litiges.<\/p>\t\t\t\t\t\t\t\t<\/div>\n\t\t\t\t<\/div>\n\t\t\t\t<div class=\"elementor-element elementor-element-45dcffb elementor-widget elementor-widget-html\" data-id=\"45dcffb\" data-element_type=\"widget\" data-e-type=\"widget\" data-widget_type=\"html.default\">\n\t\t\t\t<div class=\"elementor-widget-container\">\n\t\t\t\t\t<!-- Tip Banner -->\r\n<div class=\"hf-tip\">\r\n  <span class=\"hf-tip-icon\">\ud83d\udca1<\/span>\r\n  <span class=\"hf-tip-text\">\r\n    M\u00eame si votre accord est verbal ou incomplet, gardez toujours des preuves \u00e9crites (emails, offres d\u2019embauche, fiches de salaire). En Suisse, ces \u00e9l\u00e9ments peuvent faire foi en cas de conflit.\r\n  <\/span>\r\n<\/div>\r\n\r\n<style>\r\n  .hf-tip{\r\n    background:#f5f5fe;\r\n    border-radius:14px;\r\n    padding:12px 16px;\r\n    color:#0f172a;           \/* texte fonc\u00e9 lisible *\/\r\n    font: 500 14px\/1.5 \"Poppins\", system-ui, -apple-system, Segoe UI, Roboto, Arial, sans-serif;\r\n    display:flex;\r\n    align-items:center;\r\n    gap:10px;\r\n    box-shadow: 0 6px 18px -12px rgba(16,24,40,.22);\r\n    max-width: 100%;\r\n  }\r\n  .hf-tip-icon{ font-size:18px; line-height:1; }\r\n  .hf-tip-text{ display:inline-block; }\r\n<\/style>\r\n\t\t\t\t<\/div>\n\t\t\t\t<\/div>\n\t\t\t\t\t<\/div>\n\t\t\t\t<\/div>\n\t\t<div class=\"elementor-element elementor-element-7ead6a0 e-flex e-con-boxed e-con e-parent\" data-id=\"7ead6a0\" data-element_type=\"container\" data-e-type=\"container\">\n\t\t\t\t\t<div class=\"e-con-inner\">\n\t\t\t\t<div class=\"elementor-element-custom_font_size elementor-element-custom_font_family elementor-element-custom_color elementor-element elementor-element-905366a elementor-widget elementor-widget-text-editor\" data-id=\"905366a\" data-element_type=\"widget\" data-e-type=\"widget\" data-widget_type=\"text-editor.default\">\n\t\t\t\t<div class=\"elementor-widget-container\">\n\t\t\t\t\t\t\t\t\t<h2 data-start=\"1858\" data-end=\"1912\">Comment se structure un contrat de travail suisse ?<\/h2><p data-start=\"1914\" data-end=\"2136\">Un bon contrat de travail doit articuler des informations claires et compr\u00e9hensibles. Certaines mentions sont essentielles parce que la loi suisse l\u2019exige, d\u2019autres sont indispensables pour \u00e9viter les zones d\u2019incertitude :<\/p><h3 data-start=\"2138\" data-end=\"2162\">Identit\u00e9 des parties<\/h3><p data-start=\"2164\" data-end=\"2448\">D\u00e8s les premi\u00e8res lignes, le contrat doit identifier pr\u00e9cis\u00e9ment <strong data-start=\"2229\" data-end=\"2258\">l\u2019employeur et le salari\u00e9<\/strong> : noms, adresses, statut juridique de l\u2019entreprise, etc. Cela peut sembler trivial, mais une identification floue peut poser probl\u00e8me en cas de litige. <span class=\"\" data-state=\"closed\"><\/span><\/p><h3 data-start=\"2450\" data-end=\"2487\">Description du poste et fonctions<\/h3><p data-start=\"2489\" data-end=\"2791\">Le contenu des t\u00e2ches confi\u00e9es n\u2019est pas un simple d\u00e9tail : il d\u00e9termine l\u2019organisation de votre travail, l\u2019\u00e9valuation de votre performance, mais aussi parfois les conditions de rupture ou de mobilit\u00e9 interne. Un libell\u00e9 trop vague est souvent source de confusion. <span class=\"\" data-state=\"closed\"><\/span><\/p><h3 data-start=\"2793\" data-end=\"2825\">Dur\u00e9e et horaires de travail<\/h3><p data-start=\"2827\" data-end=\"3134\">Le contrat doit pr\u00e9ciser si la relation est <strong data-start=\"2871\" data-end=\"2899\">\u00e0 dur\u00e9e d\u00e9termin\u00e9e (CDD)<\/strong> ou <strong data-start=\"2903\" data-end=\"2933\">\u00e0 dur\u00e9e ind\u00e9termin\u00e9e (CDI)<\/strong>, ainsi que la dur\u00e9e hebdomadaire pr\u00e9vue. En Suisse, si un contrat \u00e0 dur\u00e9e d\u00e9termin\u00e9e est renouvel\u00e9 plusieurs fois, il peut \u00eatre requalifi\u00e9 en CDI par la pratique. <span class=\"\" data-state=\"closed\"><\/span><\/p><h3 data-start=\"3136\" data-end=\"3172\">Salaire et modalit\u00e9s de paiement<\/h3><p data-start=\"3174\" data-end=\"3515\">Le salaire est au c\u0153ur du contrat : il doit \u00eatre clairement d\u00e9fini, ainsi que la fr\u00e9quence de paiement. La loi ne pr\u00e9voit pas de salaire minimum au niveau f\u00e9d\u00e9ral, sauf dispositions contraires dans une convention collective de travail (CCT) ou, dans certains cantons, des minimums salariaux sp\u00e9cifiques. <span class=\"\" data-state=\"closed\"><\/span><\/p><h3 data-start=\"3517\" data-end=\"3565\">P\u00e9riode d\u2019essai et conditions de r\u00e9siliation<\/h3><p data-start=\"3567\" data-end=\"3884\">La p\u00e9riode d\u2019essai, lorsqu\u2019elle est pr\u00e9vue, fixe une dur\u00e9e durant laquelle les parties peuvent mettre fin au contrat avec un pr\u00e9avis r\u00e9duit. Apr\u00e8s la p\u00e9riode d\u2019essai, les d\u00e9lais de pr\u00e9avis standard s\u2019appliquent, mais peuvent varier selon l\u2019anciennet\u00e9 ou les accords contractuels. <span class=\"\" data-state=\"closed\"><\/span><\/p><h3 data-start=\"3886\" data-end=\"3926\">Temps de travail, vacances et cong\u00e9s<\/h3><p data-start=\"3928\" data-end=\"4245\">Les horaires hebdomadaires, les r\u00e8gles sur les heures suppl\u00e9mentaires, les vacances l\u00e9gales (au minimum 4 semaines, 5 pour les moins de 20 ans) ainsi que les autres cong\u00e9s doivent \u00eatre mentionn\u00e9s, m\u00eame si certaines dispositions l\u00e9gales viennent compl\u00e9ter ou encadrer ces clauses. <span class=\"\" data-state=\"closed\"><\/span><\/p><h3 data-start=\"4247\" data-end=\"4272\">Clauses particuli\u00e8res<\/h3><p data-start=\"4274\" data-end=\"4575\">Certaines clauses m\u00e9ritent une attention particuli\u00e8re : clause de non-concurrence, confidentialit\u00e9, mobilit\u00e9, obligations sp\u00e9cifiques ou bonus. Ces clauses peuvent avoir des cons\u00e9quences importantes apr\u00e8s la fin du contrat et doivent \u00eatre r\u00e9dig\u00e9es avec pr\u00e9cision.<\/p>\t\t\t\t\t\t\t\t<\/div>\n\t\t\t\t<\/div>\n\t\t\t\t<div class=\"elementor-element elementor-element-72c2971 elementor-widget elementor-widget-html\" data-id=\"72c2971\" data-element_type=\"widget\" data-e-type=\"widget\" data-widget_type=\"html.default\">\n\t\t\t\t<div class=\"elementor-widget-container\">\n\t\t\t\t\t<!-- Tip Banner -->\r\n<div class=\"hf-tip\">\r\n  <span class=\"hf-tip-icon\">\ud83d\udca1<\/span>\r\n  <span class=\"hf-tip-text\">\r\n    Lisez le contrat dans l\u2019ordre juridique et non dans l\u2019ordre de lecture. Commencez par la dur\u00e9e, la r\u00e9siliation et le salaire, puis seulement ensuite les fonctions et avantages annexes.\r\n  <\/span>\r\n<\/div>\r\n\r\n<style>\r\n  .hf-tip{\r\n    background:#f5f5fe;\r\n    border-radius:14px;\r\n    padding:12px 16px;\r\n    color:#0f172a;           \/* texte fonc\u00e9 lisible *\/\r\n    font: 500 14px\/1.5 \"Poppins\", system-ui, -apple-system, Segoe UI, Roboto, Arial, sans-serif;\r\n    display:flex;\r\n    align-items:center;\r\n    gap:10px;\r\n    box-shadow: 0 6px 18px -12px rgba(16,24,40,.22);\r\n    max-width: 100%;\r\n  }\r\n  .hf-tip-icon{ font-size:18px; line-height:1; }\r\n  .hf-tip-text{ display:inline-block; }\r\n<\/style>\r\n\t\t\t\t<\/div>\n\t\t\t\t<\/div>\n\t\t\t\t\t<\/div>\n\t\t\t\t<\/div>\n\t\t<div class=\"elementor-element elementor-element-e7c7f0b e-flex e-con-boxed e-con e-parent\" data-id=\"e7c7f0b\" data-element_type=\"container\" data-e-type=\"container\">\n\t\t\t\t\t<div class=\"e-con-inner\">\n\t\t\t\t<div class=\"elementor-element elementor-element-42728fb elementor-align-center elementor-widget elementor-widget-button\" data-id=\"42728fb\" data-element_type=\"widget\" data-e-type=\"widget\" data-widget_type=\"button.default\">\n\t\t\t\t<div class=\"elementor-widget-container\">\n\t\t\t\t\t\t\t\t\t<div class=\"elementor-button-wrapper\">\n\t\t\t\t\t<a class=\"elementor-button elementor-button-link elementor-size-sm\" href=\"https:\/\/helpfrontaliers.ch\/en\/offres-demplois\/\">\n\t\t\t\t\t\t<span class=\"elementor-button-content-wrapper\">\n\t\t\t\t\t\t\t\t\t<span class=\"elementor-button-text\">Derni\u00e8res offres d'emploi<\/span>\n\t\t\t\t\t<\/span>\n\t\t\t\t\t<\/a>\n\t\t\t\t<\/div>\n\t\t\t\t\t\t\t\t<\/div>\n\t\t\t\t<\/div>\n\t\t\t\t<div class=\"elementor-element-custom_font_size elementor-element-custom_font_family elementor-element-custom_color elementor-element elementor-element-0c24891 elementor-widget elementor-widget-text-editor\" data-id=\"0c24891\" data-element_type=\"widget\" data-e-type=\"widget\" data-widget_type=\"text-editor.default\">\n\t\t\t\t<div class=\"elementor-widget-container\">\n\t\t\t\t\t\t\t\t\t<h2 data-start=\"4582\" data-end=\"4632\">Ce que la loi r\u00e9gule m\u00eame sans clause explicite<\/h2><p data-start=\"4634\" data-end=\"4994\">Lorsque le contrat ne mentionne pas une condition particuli\u00e8re, <strong data-start=\"4698\" data-end=\"4735\">la loi intervient automatiquement<\/strong>. En Suisse, les principales r\u00e8gles se trouvent dans le <strong data-start=\"4791\" data-end=\"4820\">Code des obligations (CO)<\/strong>, compl\u00e9t\u00e9 par la <strong data-start=\"4838\" data-end=\"4866\">Loi sur le travail (LTr)<\/strong> et, le cas \u00e9ch\u00e9ant, par une <strong data-start=\"4895\" data-end=\"4931\">convention collective de travail<\/strong> applicable au secteur. <span class=\"\" data-state=\"closed\"><\/span><\/p><p data-start=\"4996\" data-end=\"5297\">Cela signifie par exemple que m\u00eame si votre contrat ne pr\u00e9cise pas certains droits ou protections, vous pouvez \u00eatre couvert par la loi : protection de la sant\u00e9 au travail, cong\u00e9s-maternit\u00e9, r\u00e9gime de pr\u00e9avis minimums, paiement du salaire en cas de maladie, etc.<\/p>\t\t\t\t\t\t\t\t<\/div>\n\t\t\t\t<\/div>\n\t\t\t\t<div class=\"elementor-element elementor-element-48c923a elementor-widget elementor-widget-html\" data-id=\"48c923a\" data-element_type=\"widget\" data-e-type=\"widget\" data-widget_type=\"html.default\">\n\t\t\t\t<div class=\"elementor-widget-container\">\n\t\t\t\t\t<!-- Tip Banner -->\r\n<div class=\"hf-tip\">\r\n  <span class=\"hf-tip-icon\">\ud83d\udca1<\/span>\r\n  <span class=\"hf-tip-text\">\r\n    Ne partez jamais du principe que \u201csi ce n\u2019est pas \u00e9crit, je n\u2019y ai pas droit\u201d. En Suisse, beaucoup de protections viennent directement du Code des obligations ou d\u2019une CCT applicable.\r\n  <\/span>\r\n<\/div>\r\n\r\n<style>\r\n  .hf-tip{\r\n    background:#f5f5fe;\r\n    border-radius:14px;\r\n    padding:12px 16px;\r\n    color:#0f172a;           \/* texte fonc\u00e9 lisible *\/\r\n    font: 500 14px\/1.5 \"Poppins\", system-ui, -apple-system, Segoe UI, Roboto, Arial, sans-serif;\r\n    display:flex;\r\n    align-items:center;\r\n    gap:10px;\r\n    box-shadow: 0 6px 18px -12px rgba(16,24,40,.22);\r\n    max-width: 100%;\r\n  }\r\n  .hf-tip-icon{ font-size:18px; line-height:1; }\r\n  .hf-tip-text{ display:inline-block; }\r\n<\/style>\r\n\t\t\t\t<\/div>\n\t\t\t\t<\/div>\n\t\t\t\t\t<\/div>\n\t\t\t\t<\/div>\n\t\t<div class=\"elementor-element elementor-element-9a1d1a8 e-flex e-con-boxed e-con e-parent\" data-id=\"9a1d1a8\" data-element_type=\"container\" data-e-type=\"container\">\n\t\t\t\t\t<div class=\"e-con-inner\">\n\t\t\t\t<div class=\"elementor-element-custom_font_size elementor-element-custom_font_family elementor-element-custom_color elementor-element elementor-element-512968d elementor-widget elementor-widget-text-editor\" data-id=\"512968d\" data-element_type=\"widget\" data-e-type=\"widget\" data-widget_type=\"text-editor.default\">\n\t\t\t\t<div class=\"elementor-widget-container\">\n\t\t\t\t\t\t\t\t\t<h2 data-start=\"5304\" data-end=\"5345\">Ce qu\u2019il faut v\u00e9rifier avant de signer<\/h2><p data-start=\"5347\" data-end=\"5476\">La lecture d\u2019un contrat peut parfois sembler fastidieuse ou technique, mais quelques points m\u00e9ritent une attention particuli\u00e8re :<\/p><ul><li data-start=\"5480\" data-end=\"5550\"><strong data-start=\"5480\" data-end=\"5513\">Clart\u00e9 du salaire brut et net<\/strong>, ainsi que des \u00e9ventuelles primes.<\/li><li data-start=\"5553\" data-end=\"5675\"><strong data-start=\"5553\" data-end=\"5598\">Dur\u00e9e et organisation du temps de travail<\/strong>, surtout si elle inclut des heures suppl\u00e9mentaires ou du travail flexible.<\/li><li data-start=\"5678\" data-end=\"5762\"><strong data-start=\"5678\" data-end=\"5708\">P\u00e9riode d\u2019essai et pr\u00e9avis<\/strong>, qui d\u00e9terminent votre libert\u00e9 de quitter l\u2019emploi.<\/li><li data-start=\"5765\" data-end=\"5907\"><strong data-start=\"5765\" data-end=\"5789\">Clauses restrictives<\/strong>, notamment les clauses de non-concurrence qui, si elles sont trop larges, peuvent limiter vos opportunit\u00e9s futures.<\/li><li data-start=\"5910\" data-end=\"6008\"><strong data-start=\"5910\" data-end=\"5956\">R\u00e9f\u00e9rence \u00e0 des r\u00e8glements internes ou CCT<\/strong>, qui peuvent modifier ou compl\u00e9ter votre contrat.<\/li><\/ul><p data-start=\"6010\" data-end=\"6107\">Une lecture attentive permet souvent d\u2019\u00e9viter des malentendus co\u00fbteux une fois l\u2019emploi commenc\u00e9.<\/p>\t\t\t\t\t\t\t\t<\/div>\n\t\t\t\t<\/div>\n\t\t\t\t<div class=\"elementor-element elementor-element-a4cebd5 elementor-widget elementor-widget-html\" data-id=\"a4cebd5\" data-element_type=\"widget\" data-e-type=\"widget\" data-widget_type=\"html.default\">\n\t\t\t\t<div class=\"elementor-widget-container\">\n\t\t\t\t\t<!-- Tip Banner -->\r\n<div class=\"hf-tip\">\r\n  <span class=\"hf-tip-icon\">\ud83d\udca1<\/span>\r\n  <span class=\"hf-tip-text\">\r\n    Imprimez le contrat et relisez-le \u00e0 t\u00eate repos\u00e9e, loin de toute pression. Les erreurs ou clauses d\u00e9s\u00e9quilibr\u00e9es sautent souvent aux yeux apr\u00e8s une pause.\r\n  <\/span>\r\n<\/div>\r\n\r\n<style>\r\n  .hf-tip{\r\n    background:#f5f5fe;\r\n    border-radius:14px;\r\n    padding:12px 16px;\r\n    color:#0f172a;           \/* texte fonc\u00e9 lisible *\/\r\n    font: 500 14px\/1.5 \"Poppins\", system-ui, -apple-system, Segoe UI, Roboto, Arial, sans-serif;\r\n    display:flex;\r\n    align-items:center;\r\n    gap:10px;\r\n    box-shadow: 0 6px 18px -12px rgba(16,24,40,.22);\r\n    max-width: 100%;\r\n  }\r\n  .hf-tip-icon{ font-size:18px; line-height:1; }\r\n  .hf-tip-text{ display:inline-block; }\r\n<\/style>\r\n\t\t\t\t<\/div>\n\t\t\t\t<\/div>\n\t\t\t\t\t<\/div>\n\t\t\t\t<\/div>\n\t\t<div class=\"elementor-element elementor-element-5c8ba75 e-flex e-con-boxed e-con e-parent\" data-id=\"5c8ba75\" data-element_type=\"container\" data-e-type=\"container\">\n\t\t\t\t\t<div class=\"e-con-inner\">\n\t\t\t\t<div class=\"elementor-element-custom_font_size elementor-element-custom_font_family elementor-element-custom_color elementor-element elementor-element-463591e elementor-widget elementor-widget-text-editor\" data-id=\"463591e\" data-element_type=\"widget\" data-e-type=\"widget\" data-widget_type=\"text-editor.default\">\n\t\t\t\t<div class=\"elementor-widget-container\">\n\t\t\t\t\t\t\t\t\t<h2 data-start=\"6114\" data-end=\"6155\">R\u00e9soudre un d\u00e9saccord ou une ambigu\u00eft\u00e9<\/h2><p data-start=\"6157\" data-end=\"6534\">Si une clause vous para\u00eet floue ou injuste, la premi\u00e8re \u00e9tape consiste \u00e0 en discuter avec l\u2019employeur ou le d\u00e9partement des ressources humaines. Si cela ne suffit pas, <strong data-start=\"6325\" data-end=\"6361\">des conseils juridiques externes<\/strong> ou les services d\u2019une association syndicale ou d\u2019un avocat sp\u00e9cialis\u00e9 en droit du travail suisse peuvent vous aider \u00e0 interpr\u00e9ter les obligations contractuelles et l\u00e9gales.<\/p>\t\t\t\t\t\t\t\t<\/div>\n\t\t\t\t<\/div>\n\t\t\t\t<div class=\"elementor-element elementor-element-91f8027 elementor-widget elementor-widget-html\" data-id=\"91f8027\" data-element_type=\"widget\" data-e-type=\"widget\" data-widget_type=\"html.default\">\n\t\t\t\t<div class=\"elementor-widget-container\">\n\t\t\t\t\t<!-- Tip Banner -->\r\n<div class=\"hf-tip\">\r\n  <span class=\"hf-tip-icon\">\ud83d\udca1<\/span>\r\n  <span class=\"hf-tip-text\">\r\n    Privil\u00e9giez toujours un \u00e9change \u00e9crit apr\u00e8s une discussion orale. Un simple email de confirmation peut devenir une preuve d\u00e9terminante plus tard.\r\n  <\/span>\r\n<\/div>\r\n\r\n<style>\r\n  .hf-tip{\r\n    background:#f5f5fe;\r\n    border-radius:14px;\r\n    padding:12px 16px;\r\n    color:#0f172a;           \/* texte fonc\u00e9 lisible *\/\r\n    font: 500 14px\/1.5 \"Poppins\", system-ui, -apple-system, Segoe UI, Roboto, Arial, sans-serif;\r\n    display:flex;\r\n    align-items:center;\r\n    gap:10px;\r\n    box-shadow: 0 6px 18px -12px rgba(16,24,40,.22);\r\n    max-width: 100%;\r\n  }\r\n  .hf-tip-icon{ font-size:18px; line-height:1; }\r\n  .hf-tip-text{ display:inline-block; }\r\n<\/style>\r\n\t\t\t\t<\/div>\n\t\t\t\t<\/div>\n\t\t\t\t<div class=\"elementor-element elementor-element-2e2efc6 elementor-widget elementor-widget-html\" data-id=\"2e2efc6\" data-element_type=\"widget\" data-e-type=\"widget\" data-widget_type=\"html.default\">\n\t\t\t\t<div class=\"elementor-widget-container\">\n\t\t\t\t\t<!-- Conseil Banner -->\r\n<div class=\"hf-banner\">\r\n  <h3>EN CONCLUSION <\/h3>\r\n  <p>\r\n    Un contrat de travail suisse est bien plus qu\u2019un papier \u00e0 signer : il \u00e9tablit les bases de la relation professionnelle, dresse les droits et devoirs respectifs des parties, et encadre juridiquement votre parcours professionnel. M\u00eame si certains \u00e9l\u00e9ments sont couverts par la loi, une lecture attentive et une compr\u00e9hension claire des clauses vous permettront d\u2019\u00e9viter des surprises et de s\u00e9curiser votre carri\u00e8re en Suisse.\r\n  <\/p>\r\n<\/div>\r\n\r\n<style>\r\n  .hf-banner {\r\n    background:#234981; \/* bleu de fond *\/\r\n    border-radius:14px;\r\n    padding:32px 24px;\r\n    text-align:center;\r\n    color:#fff;\r\n    max-width:880px;\r\n    margin:20px auto;\r\n    font-family:\"Poppins\", system-ui, sans-serif;\r\n  }\r\n\r\n  .hf-banner h3 {\r\n    margin:0 0 16px;\r\n    font-size:20px;\r\n    font-weight:700;\r\n    color:#fff; \/* titre en blanc *\/\r\n  }\r\n\r\n  .hf-banner p {\r\n    font-size:14px;\r\n    line-height:1.6;\r\n    margin:0 0 20px;\r\n  }\r\n\r\n  .hf-btn {\r\n    display:inline-block;\r\n    background:#fff;\r\n    color:#000;\r\n    font-size:15px;\r\n    font-weight:600;\r\n    text-decoration:none;\r\n    padding:5px 38px; \/* plus grand padding *\/\r\n    border-radius:40px; \/* arrondi style pill *\/\r\n    box-shadow:0 3px 8px rgba(0,0,0,0.15);\r\n    transition:all .25s ease;\r\n  }\r\n\r\n  .hf-btn:hover {\r\n    background:#f5f5f5;\r\n    color:#234981;\r\n  }\r\n<\/style>\r\n\t\t\t\t<\/div>\n\t\t\t\t<\/div>\n\t\t\t\t\t<\/div>\n\t\t\t\t<\/div>\n\t\t<div class=\"elementor-element elementor-element-4cfb9ba e-flex e-con-boxed e-con e-parent\" data-id=\"4cfb9ba\" data-element_type=\"container\" data-e-type=\"container\">\n\t\t\t\t\t<div class=\"e-con-inner\">\n\t\t\t\t<div class=\"elementor-element elementor-element-1acf3cb elementor-widget elementor-widget-heading\" data-id=\"1acf3cb\" data-element_type=\"widget\" data-e-type=\"widget\" data-widget_type=\"heading.default\">\n\t\t\t\t<div class=\"elementor-widget-container\">\n\t\t\t\t\t<h4 class=\"elementor-heading-title elementor-size-default\">Foire aux questions<\/h4>\t\t\t\t<\/div>\n\t\t\t\t<\/div>\n\t\t\t\t<div class=\"elementor-element elementor-element-eb16b56 elementor-widget elementor-widget-toggle\" data-id=\"eb16b56\" data-element_type=\"widget\" data-e-type=\"widget\" data-widget_type=\"toggle.default\">\n\t\t\t\t<div class=\"elementor-widget-container\">\n\t\t\t\t\t\t\t<div class=\"elementor-toggle\">\n\t\t\t\t\t\t\t<div class=\"elementor-toggle-item\">\n\t\t\t\t\t<div id=\"elementor-tab-title-2461\" class=\"elementor-tab-title\" data-tab=\"1\" role=\"button\" aria-controls=\"elementor-tab-content-2461\" aria-expanded=\"false\">\n\t\t\t\t\t\t\t\t\t\t\t\t<span class=\"elementor-toggle-icon elementor-toggle-icon-left\" aria-hidden=\"true\">\n\t\t\t\t\t\t\t\t\t\t\t\t\t\t\t<span class=\"elementor-toggle-icon-closed\"><i class=\"fas fa-caret-right\"><\/i><\/span>\n\t\t\t\t\t\t\t\t<span class=\"elementor-toggle-icon-opened\"><i class=\"elementor-toggle-icon-opened fas fa-caret-up\"><\/i><\/span>\n\t\t\t\t\t\t\t\t\t\t\t\t\t<\/span>\n\t\t\t\t\t\t\t\t\t\t\t\t<a class=\"elementor-toggle-title\" tabindex=\"0\">Un contrat de travail suisse doit-il obligatoirement \u00eatre \u00e9crit ?<\/a>\n\t\t\t\t\t<\/div>\n\n\t\t\t\t\t<div id=\"elementor-tab-content-2461\" class=\"elementor-tab-content elementor-clearfix\" data-tab=\"1\" role=\"region\" aria-labelledby=\"elementor-tab-title-2461\"><p data-start=\"245\" data-end=\"708\">Non, le droit suisse n\u2019impose pas syst\u00e9matiquement un contrat \u00e9crit pour qu\u2019une relation de travail soit valable. Un accord verbal peut suffire d\u00e8s lors qu\u2019un travail est effectu\u00e9 contre r\u00e9mun\u00e9ration sous l\u2019autorit\u00e9 d\u2019un employeur. En pratique toutefois, un contrat \u00e9crit reste fortement recommand\u00e9 afin de clarifier les conditions de travail et d\u2019\u00e9viter toute ambigu\u00eft\u00e9 en cas de d\u00e9saccord.<\/p><\/div>\n\t\t\t\t<\/div>\n\t\t\t\t\t\t\t<div class=\"elementor-toggle-item\">\n\t\t\t\t\t<div id=\"elementor-tab-title-2462\" class=\"elementor-tab-title\" data-tab=\"2\" role=\"button\" aria-controls=\"elementor-tab-content-2462\" aria-expanded=\"false\">\n\t\t\t\t\t\t\t\t\t\t\t\t<span class=\"elementor-toggle-icon elementor-toggle-icon-left\" aria-hidden=\"true\">\n\t\t\t\t\t\t\t\t\t\t\t\t\t\t\t<span class=\"elementor-toggle-icon-closed\"><i class=\"fas fa-caret-right\"><\/i><\/span>\n\t\t\t\t\t\t\t\t<span class=\"elementor-toggle-icon-opened\"><i class=\"elementor-toggle-icon-opened fas fa-caret-up\"><\/i><\/span>\n\t\t\t\t\t\t\t\t\t\t\t\t\t<\/span>\n\t\t\t\t\t\t\t\t\t\t\t\t<a class=\"elementor-toggle-title\" tabindex=\"0\">Que se passe-t-il si certaines conditions ne sont pas mentionn\u00e9es dans le contrat ?<\/a>\n\t\t\t\t\t<\/div>\n\n\t\t\t\t\t<div id=\"elementor-tab-content-2462\" class=\"elementor-tab-content elementor-clearfix\" data-tab=\"2\" role=\"region\" aria-labelledby=\"elementor-tab-title-2462\"><p data-start=\"715\" data-end=\"1167\">Lorsqu\u2019un contrat est incomplet ou silencieux sur certains points, ce sont les dispositions l\u00e9gales du Code des obligations, de la Loi sur le travail ou d\u2019une \u00e9ventuelle convention collective de travail qui s\u2019appliquent automatiquement. Cela concerne notamment les d\u00e9lais de r\u00e9siliation, le paiement du salaire en cas de maladie ou encore les vacances minimales.<\/p><\/div>\n\t\t\t\t<\/div>\n\t\t\t\t\t\t\t<div class=\"elementor-toggle-item\">\n\t\t\t\t\t<div id=\"elementor-tab-title-2463\" class=\"elementor-tab-title\" data-tab=\"3\" role=\"button\" aria-controls=\"elementor-tab-content-2463\" aria-expanded=\"false\">\n\t\t\t\t\t\t\t\t\t\t\t\t<span class=\"elementor-toggle-icon elementor-toggle-icon-left\" aria-hidden=\"true\">\n\t\t\t\t\t\t\t\t\t\t\t\t\t\t\t<span class=\"elementor-toggle-icon-closed\"><i class=\"fas fa-caret-right\"><\/i><\/span>\n\t\t\t\t\t\t\t\t<span class=\"elementor-toggle-icon-opened\"><i class=\"elementor-toggle-icon-opened fas fa-caret-up\"><\/i><\/span>\n\t\t\t\t\t\t\t\t\t\t\t\t\t<\/span>\n\t\t\t\t\t\t\t\t\t\t\t\t<a class=\"elementor-toggle-title\" tabindex=\"0\">Un employeur peut-il modifier unilat\u00e9ralement un contrat de travail en Suisse ?<\/a>\n\t\t\t\t\t<\/div>\n\n\t\t\t\t\t<div id=\"elementor-tab-content-2463\" class=\"elementor-tab-content elementor-clearfix\" data-tab=\"3\" role=\"region\" aria-labelledby=\"elementor-tab-title-2463\"><p data-start=\"1174\" data-end=\"1604\">Un employeur ne peut pas modifier librement les \u00e9l\u00e9ments essentiels du contrat, comme le salaire, le taux d\u2019activit\u00e9 ou la fonction, sans l\u2019accord du salari\u00e9. Toute modification importante doit en principe faire l\u2019objet d\u2019un avenant accept\u00e9 par les deux parties, sauf dans des cas tr\u00e8s sp\u00e9cifiques li\u00e9s \u00e0 l\u2019organisation interne de l\u2019entreprise.<\/p><\/div>\n\t\t\t\t<\/div>\n\t\t\t\t\t\t\t<div class=\"elementor-toggle-item\">\n\t\t\t\t\t<div id=\"elementor-tab-title-2464\" class=\"elementor-tab-title\" data-tab=\"4\" role=\"button\" aria-controls=\"elementor-tab-content-2464\" aria-expanded=\"false\">\n\t\t\t\t\t\t\t\t\t\t\t\t<span class=\"elementor-toggle-icon elementor-toggle-icon-left\" aria-hidden=\"true\">\n\t\t\t\t\t\t\t\t\t\t\t\t\t\t\t<span class=\"elementor-toggle-icon-closed\"><i class=\"fas fa-caret-right\"><\/i><\/span>\n\t\t\t\t\t\t\t\t<span class=\"elementor-toggle-icon-opened\"><i class=\"elementor-toggle-icon-opened fas fa-caret-up\"><\/i><\/span>\n\t\t\t\t\t\t\t\t\t\t\t\t\t<\/span>\n\t\t\t\t\t\t\t\t\t\t\t\t<a class=\"elementor-toggle-title\" tabindex=\"0\">Les clauses de non-concurrence sont-elles toujours valables en Suisse ?<\/a>\n\t\t\t\t\t<\/div>\n\n\t\t\t\t\t<div id=\"elementor-tab-content-2464\" class=\"elementor-tab-content elementor-clearfix\" data-tab=\"4\" role=\"region\" aria-labelledby=\"elementor-tab-title-2464\"><p data-start=\"980\" data-end=\"1160\">Non, une clause de non-concurrence n\u2019est valable que si elle respecte certaines conditions strictes. Elle doit \u00eatre limit\u00e9e dans le temps, dans l\u2019espace et dans le domaine d\u2019activit\u00e9, et le salari\u00e9 doit avoir eu acc\u00e8s \u00e0 des informations sensibles. Une clause trop large ou disproportionn\u00e9e peut \u00eatre jug\u00e9e nulle ou partiellement invalide.<\/p><\/div>\n\t\t\t\t<\/div>\n\t\t\t\t\t\t\t<div class=\"elementor-toggle-item\">\n\t\t\t\t\t<div id=\"elementor-tab-title-2465\" class=\"elementor-tab-title\" data-tab=\"5\" role=\"button\" aria-controls=\"elementor-tab-content-2465\" aria-expanded=\"false\">\n\t\t\t\t\t\t\t\t\t\t\t\t<span class=\"elementor-toggle-icon elementor-toggle-icon-left\" aria-hidden=\"true\">\n\t\t\t\t\t\t\t\t\t\t\t\t\t\t\t<span class=\"elementor-toggle-icon-closed\"><i class=\"fas fa-caret-right\"><\/i><\/span>\n\t\t\t\t\t\t\t\t<span class=\"elementor-toggle-icon-opened\"><i class=\"elementor-toggle-icon-opened fas fa-caret-up\"><\/i><\/span>\n\t\t\t\t\t\t\t\t\t\t\t\t\t<\/span>\n\t\t\t\t\t\t\t\t\t\t\t\t<a class=\"elementor-toggle-title\" tabindex=\"0\">Quels sont les pi\u00e8ges les plus fr\u00e9quents dans un contrat de travail suisse ?<\/a>\n\t\t\t\t\t<\/div>\n\n\t\t\t\t\t<div id=\"elementor-tab-content-2465\" class=\"elementor-tab-content elementor-clearfix\" data-tab=\"5\" role=\"region\" aria-labelledby=\"elementor-tab-title-2465\"><p data-start=\"2034\" data-end=\"2468\">Les pi\u00e8ges les plus courants concernent les formulations vagues sur les horaires, les heures suppl\u00e9mentaires non compens\u00e9es, les bonus qualifi\u00e9s de \u201cdiscr\u00e9tionnaires\u201d ou encore les r\u00e9f\u00e9rences \u00e0 des r\u00e8glements internes non remis au salari\u00e9. Une lecture attentive et, si n\u00e9cessaire, un avis externe permettent souvent de les d\u00e9tecter avant la signature.<\/p><\/div>\n\t\t\t\t<\/div>\n\t\t\t\t\t\t\t\t<\/div>\n\t\t\t\t\t\t<\/div>\n\t\t\t\t<\/div>\n\t\t\t\t<div class=\"elementor-element elementor-element-39631d5 elementor-widget elementor-widget-html\" data-id=\"39631d5\" data-element_type=\"widget\" data-e-type=\"widget\" data-widget_type=\"html.default\">\n\t\t\t\t<div class=\"elementor-widget-container\">\n\t\t\t\t\t<!-- Conseil Banner -->\r\n<div class=\"hf-banner\">\r\n  <h3>Besoin d\u2019un conseil ? <\/h3>\r\n  <p>\r\n    Vous avez des questions ? Contactez nous !<br \/>\r\n    Nous pourrons vous r\u00e9pondre par email ou par t\u00e9l\u00e9phone. Nos services accompagnent de nombreux frontaliers dans leurs d\u00e9marches administratives, sant\u00e9 etc... \r\n  <\/p>\r\n  <a href=\"\/en\/nous-contacter\/\" class=\"hf-btn\">Contact<\/a>\r\n<\/div>\r\n\r\n<style>\r\n  .hf-banner {\r\n    background:#234981; \/* bleu de fond *\/\r\n    border-radius:14px;\r\n    padding:32px 24px;\r\n    text-align:center;\r\n    color:#fff;\r\n    max-width:880px;\r\n    margin:20px auto;\r\n    font-family:\"Poppins\", system-ui, sans-serif;\r\n  }\r\n\r\n  .hf-banner h3 {\r\n    margin:0 0 16px;\r\n    font-size:20px;\r\n    font-weight:700;\r\n    color:#fff; \/* titre en blanc *\/\r\n  }\r\n\r\n  .hf-banner p {\r\n    font-size:14px;\r\n    line-height:1.6;\r\n    margin:0 0 20px;\r\n  }\r\n\r\n  .hf-btn {\r\n    display:inline-block;\r\n    background:#fff;\r\n    color:#000;\r\n    font-size:15px;\r\n    font-weight:600;\r\n    text-decoration:none;\r\n    padding:5px 38px; \/* plus grand padding *\/\r\n    border-radius:40px; \/* arrondi style pill *\/\r\n    box-shadow:0 3px 8px rgba(0,0,0,0.15);\r\n    transition:all .25s ease;\r\n  }\r\n\r\n  .hf-btn:hover {\r\n    background:#f5f5f5;\r\n    color:#234981;\r\n  }\r\n<\/style>\r\n\t\t\t\t<\/div>\n\t\t\t\t<\/div>\n\t\t\t\t\t<\/div>\n\t\t\t\t<\/div>\n\t\t\t\t<\/div>","protected":false},"excerpt":{"rendered":"<p>Qu\u2019est-ce qu\u2019un contrat de travail en Suisse ? Le contrat de travail suisse constitue l\u2019accord par lequel l\u2019employ\u00e9 s\u2019engage \u00e0 accomplir un travail pour le compte de l\u2019employeur et l\u2019employeur s\u2019engage \u00e0 verser une r\u00e9mun\u00e9ration en retour. Cette d\u00e9finition, simple en apparence, repose sur une logique de subordination : le salari\u00e9 ex\u00e9cute un travail sous [&hellip;]<\/p>\n","protected":false},"author":3,"featured_media":70549,"comment_status":"open","ping_status":"closed","sticky":false,"template":"","format":"standard","meta":{"_hf_hero_excerpt":"Travailler en Suisse, que ce soit comme frontalier, expatri\u00e9 ou r\u00e9sident, implique de naviguer dans un cadre juridique particulier. Le contrat de travail suisse n\u2019est pas seulement une formalit\u00e9 administrative : c\u2019est le document qui pose les bases de votre relation professionnelle, vos droits, vos devoirs et les r\u00e8gles qui encadrent votre quotidien au travail. Contrairement \u00e0 d\u2019autres pays dot\u00e9s d\u2019un code du travail lourd et uniforme, la Suisse repose sur un droit du travail souple et d\u00e9centralis\u00e9. Pour l\u2019interpr\u00e9ter correctement, il est essentiel de comprendre ce qu\u2019il contient, ce qu\u2019il implique et ce qui reste r\u00e9gul\u00e9 par la loi en l\u2019absence de clause explicite.","_hf_hero_enabled":true,"footnotes":""},"categories":[113],"tags":[103,105],"class_list":["post-70547","post","type-post","status-publish","format-standard","has-post-thumbnail","hentry","category-guides","tag-suisse","tag-travail-frontalier-contrat-de-travail"],"_links":{"self":[{"href":"https:\/\/helpfrontaliers.ch\/en\/wp-json\/wp\/v2\/posts\/70547","targetHints":{"allow":["GET"]}}],"collection":[{"href":"https:\/\/helpfrontaliers.ch\/en\/wp-json\/wp\/v2\/posts"}],"about":[{"href":"https:\/\/helpfrontaliers.ch\/en\/wp-json\/wp\/v2\/types\/post"}],"author":[{"embeddable":true,"href":"https:\/\/helpfrontaliers.ch\/en\/wp-json\/wp\/v2\/users\/3"}],"replies":[{"embeddable":true,"href":"https:\/\/helpfrontaliers.ch\/en\/wp-json\/wp\/v2\/comments?post=70547"}],"version-history":[{"count":0,"href":"https:\/\/helpfrontaliers.ch\/en\/wp-json\/wp\/v2\/posts\/70547\/revisions"}],"wp:featuredmedia":[{"embeddable":true,"href":"https:\/\/helpfrontaliers.ch\/en\/wp-json\/wp\/v2\/media\/70549"}],"wp:attachment":[{"href":"https:\/\/helpfrontaliers.ch\/en\/wp-json\/wp\/v2\/media?parent=70547"}],"wp:term":[{"taxonomy":"category","embeddable":true,"href":"https:\/\/helpfrontaliers.ch\/en\/wp-json\/wp\/v2\/categories?post=70547"},{"taxonomy":"post_tag","embeddable":true,"href":"https:\/\/helpfrontaliers.ch\/en\/wp-json\/wp\/v2\/tags?post=70547"}],"curies":[{"name":"wp","href":"https:\/\/api.w.org\/{rel}","templated":true}]}}