{"id":70571,"date":"2026-03-11T09:00:00","date_gmt":"2026-03-11T08:00:00","guid":{"rendered":"https:\/\/helpfrontaliers.ch\/?p=70571"},"modified":"2026-03-14T11:33:52","modified_gmt":"2026-03-14T10:33:52","slug":"guide-complet-scolarisation-transfrontaliere-a-geneve-en-2026-et-au-dela","status":"publish","type":"post","link":"https:\/\/helpfrontaliers.ch\/en\/guides\/guide-complet-scolarisation-transfrontaliere-a-geneve-en-2026-et-au-dela\/","title":{"rendered":"Guide complet : Scolarisation transfrontali\u00e8re \u00e0 Gen\u00e8ve en 2026 et au-del\u00e0"},"content":{"rendered":"<div data-elementor-type=\"wp-post\" data-elementor-id=\"70571\" class=\"elementor elementor-70571\">\n\t\t\t\t<div class=\"elementor-element elementor-element-08e2fc2 e-flex e-con-boxed e-con e-parent\" data-id=\"08e2fc2\" data-element_type=\"container\" data-e-type=\"container\">\n\t\t\t\t\t<div class=\"e-con-inner\">\n\t\t\t\t<div class=\"elementor-element-custom_font_size elementor-element-custom_font_family elementor-element-custom_color elementor-element elementor-element-b3ded51 elementor-widget elementor-widget-text-editor\" data-id=\"b3ded51\" data-element_type=\"widget\" data-e-type=\"widget\" data-widget_type=\"text-editor.default\">\n\t\t\t\t<div class=\"elementor-widget-container\">\n\t\t\t\t\t\t\t\t\t<h2 data-start=\"832\" data-end=\"874\">Comprendre le syst\u00e8me scolaire genevois<\/h2><p data-start=\"876\" data-end=\"1325\">Le syst\u00e8me scolaire genevois se divise en plusieurs cycles : <strong>l\u2019\u00e9cole enfantine (3 \u00e0 6 ans)<\/strong>, <strong>l\u2019\u00e9cole primaire (6 \u00e0 12 ans)<\/strong> et <strong>le cycle secondaire (12 \u00e0 15 ans)<\/strong>, avec des options d\u2019orientation vers le secondaire II pour la voie g\u00e9n\u00e9rale ou professionnelle.<\/p><p data-start=\"876\" data-end=\"1325\">Les programmes sont r\u00e9glement\u00e9s par le D\u00e9partement de l\u2019instruction publique, de la culture et du sport (DIP), avec une forte orientation vers le multilinguisme et les comp\u00e9tences transversales.<\/p>\t\t\t\t\t\t\t\t<\/div>\n\t\t\t\t<\/div>\n\t\t\t\t<div class=\"elementor-element elementor-element-45dcffb elementor-widget elementor-widget-html\" data-id=\"45dcffb\" data-element_type=\"widget\" data-e-type=\"widget\" data-widget_type=\"html.default\">\n\t\t\t\t<div class=\"elementor-widget-container\">\n\t\t\t\t\t<!-- Tip Banner -->\r\n<div class=\"hf-tip\">\r\n  <span class=\"hf-tip-icon\">\ud83d\udca1<\/span>\r\n  <span class=\"hf-tip-text\">\r\n    Renseignez-vous d\u00e8s le d\u00e9part sur les crit\u00e8res d\u2019admission et les particularit\u00e9s de chaque cycle. Conna\u00eetre la structure et les exigences du DIP vous permettra de pr\u00e9parer vos enfants et de choisir l\u2019\u00e9tablissement le plus adapt\u00e9 \u00e0 leurs besoins.\r\n  <\/span>\r\n<\/div>\r\n\r\n<style>\r\n  .hf-tip{\r\n    background:#f5f5fe;\r\n    border-radius:14px;\r\n    padding:12px 16px;\r\n    color:#0f172a;           \/* texte fonc\u00e9 lisible *\/\r\n    font: 500 14px\/1.5 \"Poppins\", system-ui, -apple-system, Segoe UI, Roboto, Arial, sans-serif;\r\n    display:flex;\r\n    align-items:center;\r\n    gap:10px;\r\n    box-shadow: 0 6px 18px -12px rgba(16,24,40,.22);\r\n    max-width: 100%;\r\n  }\r\n  .hf-tip-icon{ font-size:18px; line-height:1; }\r\n  .hf-tip-text{ display:inline-block; }\r\n<\/style>\r\n\t\t\t\t<\/div>\n\t\t\t\t<\/div>\n\t\t\t\t\t<\/div>\n\t\t\t\t<\/div>\n\t\t<div class=\"elementor-element elementor-element-7ead6a0 e-flex e-con-boxed e-con e-parent\" data-id=\"7ead6a0\" data-element_type=\"container\" data-e-type=\"container\">\n\t\t\t\t\t<div class=\"e-con-inner\">\n\t\t\t\t<div class=\"elementor-element-custom_font_size elementor-element-custom_font_family elementor-element-custom_color elementor-element elementor-element-905366a elementor-widget elementor-widget-text-editor\" data-id=\"905366a\" data-element_type=\"widget\" data-e-type=\"widget\" data-widget_type=\"text-editor.default\">\n\t\t\t\t<div class=\"elementor-widget-container\">\n\t\t\t\t\t\t\t\t\t<h2 data-start=\"1602\" data-end=\"1646\">Choisir entre \u00e9coles publiques et priv\u00e9es<\/h2><p data-start=\"1648\" data-end=\"1984\">\u00c0 Gen\u00e8ve, les <strong>\u00e9coles publiques<\/strong> accueillent gratuitement les enfants des r\u00e9sidents et des frontaliers selon certaines conditions, tandis que les <strong>\u00e9coles priv\u00e9es<\/strong> offrent souvent des programmes bilingues ou internationaux, mais avec des frais \u00e9lev\u00e9s.<\/p><p data-start=\"1648\" data-end=\"1984\">Le choix d\u00e9pendra de vos priorit\u00e9s : proximit\u00e9, programme, niveau linguistique et budget.<\/p>\t\t\t\t\t\t\t\t<\/div>\n\t\t\t\t<\/div>\n\t\t\t\t<div class=\"elementor-element elementor-element-72c2971 elementor-widget elementor-widget-html\" data-id=\"72c2971\" data-element_type=\"widget\" data-e-type=\"widget\" data-widget_type=\"html.default\">\n\t\t\t\t<div class=\"elementor-widget-container\">\n\t\t\t\t\t<!-- Tip Banner -->\r\n<div class=\"hf-tip\">\r\n  <span class=\"hf-tip-icon\">\ud83d\udca1<\/span>\r\n  <span class=\"hf-tip-text\">\r\n    Evaluez vos objectifs \u00e9ducatifs avant de prendre une d\u00e9cision. Pour les frontaliers, il peut \u00eatre judicieux de visiter plusieurs \u00e9tablissements et de comparer les options bilingues, internationales et publiques afin de trouver le meilleur \u00e9quilibre entre co\u00fbt et qualit\u00e9 d\u2019enseignement.\r\n  <\/span>\r\n<\/div>\r\n\r\n<style>\r\n  .hf-tip{\r\n    background:#f5f5fe;\r\n    border-radius:14px;\r\n    padding:12px 16px;\r\n    color:#0f172a;           \/* texte fonc\u00e9 lisible *\/\r\n    font: 500 14px\/1.5 \"Poppins\", system-ui, -apple-system, Segoe UI, Roboto, Arial, sans-serif;\r\n    display:flex;\r\n    align-items:center;\r\n    gap:10px;\r\n    box-shadow: 0 6px 18px -12px rgba(16,24,40,.22);\r\n    max-width: 100%;\r\n  }\r\n  .hf-tip-icon{ font-size:18px; line-height:1; }\r\n  .hf-tip-text{ display:inline-block; }\r\n<\/style>\r\n\t\t\t\t<\/div>\n\t\t\t\t<\/div>\n\t\t\t\t\t<\/div>\n\t\t\t\t<\/div>\n\t\t<div class=\"elementor-element elementor-element-e7c7f0b e-flex e-con-boxed e-con e-parent\" data-id=\"e7c7f0b\" data-element_type=\"container\" data-e-type=\"container\">\n\t\t\t\t\t<div class=\"e-con-inner\">\n\t\t\t\t<div class=\"elementor-element-custom_font_size elementor-element-custom_font_family elementor-element-custom_color elementor-element elementor-element-0c24891 elementor-widget elementor-widget-text-editor\" data-id=\"0c24891\" data-element_type=\"widget\" data-e-type=\"widget\" data-widget_type=\"text-editor.default\">\n\t\t\t\t<div class=\"elementor-widget-container\">\n\t\t\t\t\t\t\t\t\t<h2 data-start=\"2302\" data-end=\"2359\">D\u00e9marches administratives pour les enfants frontaliers<\/h2><p data-start=\"2361\" data-end=\"2672\">Inscrire un enfant dans une \u00e9cole genevoise implique plusieurs d\u00e9marches administratives :<\/p><ul><li data-start=\"2361\" data-end=\"2672\">justificatif de r\u00e9sidence,<\/li><li data-start=\"2361\" data-end=\"2672\">documents d\u2019\u00e9tat civil,<\/li><li data-start=\"2361\" data-end=\"2672\">attestations de vaccination<\/li><li data-start=\"2361\" data-end=\"2672\">et parfois un test de langue.<\/li><\/ul><p>Les d\u00e9lais peuvent varier selon les \u00e9coles et les cantons, et certains \u00e9tablissements ont des listes d\u2019attente.<\/p>\t\t\t\t\t\t\t\t<\/div>\n\t\t\t\t<\/div>\n\t\t\t\t<div class=\"elementor-element elementor-element-48c923a elementor-widget elementor-widget-html\" data-id=\"48c923a\" data-element_type=\"widget\" data-e-type=\"widget\" data-widget_type=\"html.default\">\n\t\t\t\t<div class=\"elementor-widget-container\">\n\t\t\t\t\t<!-- Tip Banner -->\r\n<div class=\"hf-tip\">\r\n  <span class=\"hf-tip-icon\">\ud83d\udca1<\/span>\r\n  <span class=\"hf-tip-text\">\r\n    Anticipez les inscriptions plusieurs mois \u00e0 l\u2019avance et conservez tous les documents requis en version num\u00e9rique et papier. Cela permet d\u2019\u00e9viter les retards et de s\u00e9curiser une place pour votre enfant.\r\n  <\/span>\r\n<\/div>\r\n\r\n<style>\r\n  .hf-tip{\r\n    background:#f5f5fe;\r\n    border-radius:14px;\r\n    padding:12px 16px;\r\n    color:#0f172a;           \/* texte fonc\u00e9 lisible *\/\r\n    font: 500 14px\/1.5 \"Poppins\", system-ui, -apple-system, Segoe UI, Roboto, Arial, sans-serif;\r\n    display:flex;\r\n    align-items:center;\r\n    gap:10px;\r\n    box-shadow: 0 6px 18px -12px rgba(16,24,40,.22);\r\n    max-width: 100%;\r\n  }\r\n  .hf-tip-icon{ font-size:18px; line-height:1; }\r\n  .hf-tip-text{ display:inline-block; }\r\n<\/style>\r\n\t\t\t\t<\/div>\n\t\t\t\t<\/div>\n\t\t\t\t\t<\/div>\n\t\t\t\t<\/div>\n\t\t<div class=\"elementor-element elementor-element-9a1d1a8 e-flex e-con-boxed e-con e-parent\" data-id=\"9a1d1a8\" data-element_type=\"container\" data-e-type=\"container\">\n\t\t\t\t\t<div class=\"e-con-inner\">\n\t\t\t\t<div class=\"elementor-element-custom_font_size elementor-element-custom_font_family elementor-element-custom_color elementor-element elementor-element-512968d elementor-widget elementor-widget-text-editor\" data-id=\"512968d\" data-element_type=\"widget\" data-e-type=\"widget\" data-widget_type=\"text-editor.default\">\n\t\t\t\t<div class=\"elementor-widget-container\">\n\t\t\t\t\t\t\t\t\t<h2 data-start=\"2905\" data-end=\"2947\">Questions de transport et de logistique<\/h2><p data-start=\"2949\" data-end=\"3243\">Pour les familles frontali\u00e8res, le <strong>transport quotidien<\/strong> peut devenir un facteur d\u00e9terminant dans le choix de l\u2019\u00e9cole. Les <strong>horaires<\/strong> des transports publics suisses, la <strong>proximit\u00e9<\/strong> des arr\u00eats et la <strong>dur\u00e9e du trajet<\/strong> influencent non seulement le confort de l\u2019enfant, mais aussi l\u2019organisation familiale.<\/p>\t\t\t\t\t\t\t\t<\/div>\n\t\t\t\t<\/div>\n\t\t\t\t<div class=\"elementor-element elementor-element-a4cebd5 elementor-widget elementor-widget-html\" data-id=\"a4cebd5\" data-element_type=\"widget\" data-e-type=\"widget\" data-widget_type=\"html.default\">\n\t\t\t\t<div class=\"elementor-widget-container\">\n\t\t\t\t\t<!-- Tip Banner -->\r\n<div class=\"hf-tip\">\r\n  <span class=\"hf-tip-icon\">\ud83d\udca1<\/span>\r\n  <span class=\"hf-tip-text\">\r\n    Testez le trajet avant la rentr\u00e9e scolaire. Impliquer votre enfant dans ce rep\u00e9rage aide \u00e0 r\u00e9duire le stress du premier jour et vous permet d\u2019ajuster votre planning familial en cons\u00e9quence.\r\n  <\/span>\r\n<\/div>\r\n\r\n<style>\r\n  .hf-tip{\r\n    background:#f5f5fe;\r\n    border-radius:14px;\r\n    padding:12px 16px;\r\n    color:#0f172a;           \/* texte fonc\u00e9 lisible *\/\r\n    font: 500 14px\/1.5 \"Poppins\", system-ui, -apple-system, Segoe UI, Roboto, Arial, sans-serif;\r\n    display:flex;\r\n    align-items:center;\r\n    gap:10px;\r\n    box-shadow: 0 6px 18px -12px rgba(16,24,40,.22);\r\n    max-width: 100%;\r\n  }\r\n  .hf-tip-icon{ font-size:18px; line-height:1; }\r\n  .hf-tip-text{ display:inline-block; }\r\n<\/style>\r\n\t\t\t\t<\/div>\n\t\t\t\t<\/div>\n\t\t\t\t\t<\/div>\n\t\t\t\t<\/div>\n\t\t<div class=\"elementor-element elementor-element-c1ce5f4 e-flex e-con-boxed e-con e-parent\" data-id=\"c1ce5f4\" data-element_type=\"container\" data-e-type=\"container\">\n\t\t\t\t\t<div class=\"e-con-inner\">\n\t\t\t\t<div class=\"elementor-element-custom_font_size elementor-element-custom_font_family elementor-element-custom_color elementor-element elementor-element-ca92c74 elementor-widget elementor-widget-text-editor\" data-id=\"ca92c74\" data-element_type=\"widget\" data-e-type=\"widget\" data-widget_type=\"text-editor.default\">\n\t\t\t\t<div class=\"elementor-widget-container\">\n\t\t\t\t\t\t\t\t\t<h2 data-start=\"3464\" data-end=\"3499\">Gestion des co\u00fbts et financement<\/h2><p data-start=\"3501\" data-end=\"3823\">M\u00eame si les \u00e9coles publiques sont gratuites, d\u2019autres co\u00fbts peuvent s\u2019ajouter :<\/p><ul><li data-start=\"3501\" data-end=\"3823\">cantine,<\/li><li data-start=\"3501\" data-end=\"3823\">mat\u00e9riel scolaire,<\/li><li data-start=\"3501\" data-end=\"3823\">activit\u00e9s extrascolaires<\/li><li data-start=\"3501\" data-end=\"3823\">transports.<\/li><\/ul><p>Dans certaines situations, des aides ou subventions peuvent \u00eatre accessibles aux familles frontali\u00e8res, mais elles n\u00e9cessitent une connaissance pr\u00e9cise des r\u00e8gles genevoises.<\/p>\t\t\t\t\t\t\t\t<\/div>\n\t\t\t\t<\/div>\n\t\t\t\t<div class=\"elementor-element elementor-element-15c7871 elementor-widget elementor-widget-html\" data-id=\"15c7871\" data-element_type=\"widget\" data-e-type=\"widget\" data-widget_type=\"html.default\">\n\t\t\t\t<div class=\"elementor-widget-container\">\n\t\t\t\t\t<!-- Tip Banner -->\r\n<div class=\"hf-tip\">\r\n  <span class=\"hf-tip-icon\">\ud83d\udca1<\/span>\r\n  <span class=\"hf-tip-text\">\r\n    Etablissez un budget pr\u00e9visionnel d\u00e9taill\u00e9 incluant toutes les d\u00e9penses li\u00e9es \u00e0 la scolarisation. Renseignez-vous sur les aides financi\u00e8res possibles via le DIP ou les communes frontali\u00e8res pour optimiser vos co\u00fbts.\r\n  <\/span>\r\n<\/div>\r\n\r\n<style>\r\n  .hf-tip{\r\n    background:#f5f5fe;\r\n    border-radius:14px;\r\n    padding:12px 16px;\r\n    color:#0f172a;           \/* texte fonc\u00e9 lisible *\/\r\n    font: 500 14px\/1.5 \"Poppins\", system-ui, -apple-system, Segoe UI, Roboto, Arial, sans-serif;\r\n    display:flex;\r\n    align-items:center;\r\n    gap:10px;\r\n    box-shadow: 0 6px 18px -12px rgba(16,24,40,.22);\r\n    max-width: 100%;\r\n  }\r\n  .hf-tip-icon{ font-size:18px; line-height:1; }\r\n  .hf-tip-text{ display:inline-block; }\r\n<\/style>\r\n\t\t\t\t<\/div>\n\t\t\t\t<\/div>\n\t\t\t\t\t<\/div>\n\t\t\t\t<\/div>\n\t\t<div class=\"elementor-element elementor-element-5c35592 e-flex e-con-boxed e-con e-parent\" data-id=\"5c35592\" data-element_type=\"container\" data-e-type=\"container\">\n\t\t\t\t\t<div class=\"e-con-inner\">\n\t\t\t\t<div class=\"elementor-element-custom_font_size elementor-element-custom_font_family elementor-element-custom_color elementor-element elementor-element-a4255c3 elementor-widget elementor-widget-text-editor\" data-id=\"a4255c3\" data-element_type=\"widget\" data-e-type=\"widget\" data-widget_type=\"text-editor.default\">\n\t\t\t\t<div class=\"elementor-widget-container\">\n\t\t\t\t\t\t\t\t\t<h2 data-start=\"4070\" data-end=\"4126\">Pr\u00e9parer l\u2019enfant \u00e0 la scolarisation transfrontali\u00e8re<\/h2><p data-start=\"4128\" data-end=\"4369\">S\u2019adapter \u00e0 un nouveau syst\u00e8me scolaire et \u00e0 un environnement bilingue peut repr\u00e9senter un d\u00e9fi pour certains enfants.<\/p><p data-start=\"4128\" data-end=\"4369\">La r\u00e9ussite d\u00e9pend souvent de l\u2019accompagnement parental, de la motivation de l\u2019enfant et de la communication avec l\u2019\u00e9cole.<\/p>\t\t\t\t\t\t\t\t<\/div>\n\t\t\t\t<\/div>\n\t\t\t\t<div class=\"elementor-element elementor-element-b5ba16b elementor-widget elementor-widget-html\" data-id=\"b5ba16b\" data-element_type=\"widget\" data-e-type=\"widget\" data-widget_type=\"html.default\">\n\t\t\t\t<div class=\"elementor-widget-container\">\n\t\t\t\t\t<!-- Tip Banner -->\r\n<div class=\"hf-tip\">\r\n  <span class=\"hf-tip-icon\">\ud83d\udca1<\/span>\r\n  <span class=\"hf-tip-text\">\r\n    Encouragez la pratique des langues d\u00e8s la maison et discutez r\u00e9guli\u00e8rement avec les enseignants pour suivre la progression. La pr\u00e9paration linguistique et \u00e9motionnelle permet \u00e0 l\u2019enfant de s\u2019int\u00e9grer plus facilement et de tirer pleinement profit de son parcours scolaire.\r\n  <\/span>\r\n<\/div>\r\n\r\n<style>\r\n  .hf-tip{\r\n    background:#f5f5fe;\r\n    border-radius:14px;\r\n    padding:12px 16px;\r\n    color:#0f172a;           \/* texte fonc\u00e9 lisible *\/\r\n    font: 500 14px\/1.5 \"Poppins\", system-ui, -apple-system, Segoe UI, Roboto, Arial, sans-serif;\r\n    display:flex;\r\n    align-items:center;\r\n    gap:10px;\r\n    box-shadow: 0 6px 18px -12px rgba(16,24,40,.22);\r\n    max-width: 100%;\r\n  }\r\n  .hf-tip-icon{ font-size:18px; line-height:1; }\r\n  .hf-tip-text{ display:inline-block; }\r\n<\/style>\r\n\t\t\t\t<\/div>\n\t\t\t\t<\/div>\n\t\t\t\t\t<\/div>\n\t\t\t\t<\/div>\n\t\t<div class=\"elementor-element elementor-element-5c8ba75 e-flex e-con-boxed e-con e-parent\" data-id=\"5c8ba75\" data-element_type=\"container\" data-e-type=\"container\">\n\t\t\t\t\t<div class=\"e-con-inner\">\n\t\t\t\t<div class=\"elementor-element-custom_font_size elementor-element-custom_font_family elementor-element-custom_color elementor-element elementor-element-463591e elementor-widget elementor-widget-text-editor\" data-id=\"463591e\" data-element_type=\"widget\" data-e-type=\"widget\" data-widget_type=\"text-editor.default\">\n\t\t\t\t<div class=\"elementor-widget-container\">\n\t\t\t\t\t\t\t\t\t<h2 data-start=\"4672\" data-end=\"4700\">Perspectives \u00e0 long terme<\/h2><p data-start=\"4702\" data-end=\"5127\">La scolarisation transfrontali\u00e8re \u00e0 Gen\u00e8ve ne se limite pas aux premi\u00e8res ann\u00e9es. Les choix effectu\u00e9s d\u00e8s le primaire peuvent influencer l\u2019orientation vers le secondaire et la suite des \u00e9tudes, notamment si vous visez des fili\u00e8res bilingues ou internationales.<\/p><p data-start=\"4702\" data-end=\"5127\">Les frontaliers doivent \u00e9galement anticiper les aspects administratifs li\u00e9s au passage au secondaire II et \u00e0 la validation des dipl\u00f4mes pour la France ou la Suisse.<\/p>\t\t\t\t\t\t\t\t<\/div>\n\t\t\t\t<\/div>\n\t\t\t\t<div class=\"elementor-element elementor-element-91f8027 elementor-widget elementor-widget-html\" data-id=\"91f8027\" data-element_type=\"widget\" data-e-type=\"widget\" data-widget_type=\"html.default\">\n\t\t\t\t<div class=\"elementor-widget-container\">\n\t\t\t\t\t<!-- Tip Banner -->\r\n<div class=\"hf-tip\">\r\n  <span class=\"hf-tip-icon\">\ud83d\udca1<\/span>\r\n  <span class=\"hf-tip-text\">\r\n    Planifiez d\u00e8s le d\u00e9but l\u2019ensemble du parcours scolaire et anticipez les transitions entre cycles. Cela s\u00e9curise l\u2019avenir acad\u00e9mique de l\u2019enfant et facilite l\u2019int\u00e9gration dans le syst\u00e8me suisse ou fran\u00e7ais selon vos objectifs.\r\n  <\/span>\r\n<\/div>\r\n\r\n<style>\r\n  .hf-tip{\r\n    background:#f5f5fe;\r\n    border-radius:14px;\r\n    padding:12px 16px;\r\n    color:#0f172a;           \/* texte fonc\u00e9 lisible *\/\r\n    font: 500 14px\/1.5 \"Poppins\", system-ui, -apple-system, Segoe UI, Roboto, Arial, sans-serif;\r\n    display:flex;\r\n    align-items:center;\r\n    gap:10px;\r\n    box-shadow: 0 6px 18px -12px rgba(16,24,40,.22);\r\n    max-width: 100%;\r\n  }\r\n  .hf-tip-icon{ font-size:18px; line-height:1; }\r\n  .hf-tip-text{ display:inline-block; }\r\n<\/style>\r\n\t\t\t\t<\/div>\n\t\t\t\t<\/div>\n\t\t\t\t<div class=\"elementor-element elementor-element-2e2efc6 elementor-widget elementor-widget-html\" data-id=\"2e2efc6\" data-element_type=\"widget\" data-e-type=\"widget\" data-widget_type=\"html.default\">\n\t\t\t\t<div class=\"elementor-widget-container\">\n\t\t\t\t\t<!-- Conseil Banner -->\r\n<div class=\"hf-banner\">\r\n  <h3>EN CONCLUSION <\/h3>\r\n  <p>\r\n    La scolarisation transfrontali\u00e8re \u00e0 Gen\u00e8ve en 2026 et au-del\u00e0 exige anticipation, organisation et connaissance des sp\u00e9cificit\u00e9s du syst\u00e8me genevois. Du choix de l\u2019\u00e9cole \u00e0 la pr\u00e9paration de l\u2019enfant, en passant par les d\u00e9marches administratives et la gestion des co\u00fbts, chaque \u00e9tape doit \u00eatre pens\u00e9e avec soin. En int\u00e9grant ces bonnes pratiques et en restant proactif, vous maximisez les chances de r\u00e9ussite \u00e9ducative et assurez une exp\u00e9rience positive pour toute la famille.\r\n  <\/p>\r\n<\/div>\r\n\r\n<style>\r\n  .hf-banner {\r\n    background:#234981; \/* bleu de fond *\/\r\n    border-radius:14px;\r\n    padding:32px 24px;\r\n    text-align:center;\r\n    color:#fff;\r\n    max-width:880px;\r\n    margin:20px auto;\r\n    font-family:\"Poppins\", system-ui, sans-serif;\r\n  }\r\n\r\n  .hf-banner h3 {\r\n    margin:0 0 16px;\r\n    font-size:20px;\r\n    font-weight:700;\r\n    color:#fff; \/* titre en blanc *\/\r\n  }\r\n\r\n  .hf-banner p {\r\n    font-size:14px;\r\n    line-height:1.6;\r\n    margin:0 0 20px;\r\n  }\r\n\r\n  .hf-btn {\r\n    display:inline-block;\r\n    background:#fff;\r\n    color:#000;\r\n    font-size:15px;\r\n    font-weight:600;\r\n    text-decoration:none;\r\n    padding:5px 38px; \/* plus grand padding *\/\r\n    border-radius:40px; \/* arrondi style pill *\/\r\n    box-shadow:0 3px 8px rgba(0,0,0,0.15);\r\n    transition:all .25s ease;\r\n  }\r\n\r\n  .hf-btn:hover {\r\n    background:#f5f5f5;\r\n    color:#234981;\r\n  }\r\n<\/style>\r\n\t\t\t\t<\/div>\n\t\t\t\t<\/div>\n\t\t\t\t\t<\/div>\n\t\t\t\t<\/div>\n\t\t<div class=\"elementor-element elementor-element-4cfb9ba e-flex e-con-boxed e-con e-parent\" data-id=\"4cfb9ba\" data-element_type=\"container\" data-e-type=\"container\">\n\t\t\t\t\t<div class=\"e-con-inner\">\n\t\t\t\t<div class=\"elementor-element elementor-element-1acf3cb elementor-widget elementor-widget-heading\" data-id=\"1acf3cb\" data-element_type=\"widget\" data-e-type=\"widget\" data-widget_type=\"heading.default\">\n\t\t\t\t<div class=\"elementor-widget-container\">\n\t\t\t\t\t<h4 class=\"elementor-heading-title elementor-size-default\">Foire aux questions<\/h4>\t\t\t\t<\/div>\n\t\t\t\t<\/div>\n\t\t\t\t<div class=\"elementor-element elementor-element-eb16b56 elementor-widget elementor-widget-toggle\" data-id=\"eb16b56\" data-element_type=\"widget\" data-e-type=\"widget\" data-widget_type=\"toggle.default\">\n\t\t\t\t<div class=\"elementor-widget-container\">\n\t\t\t\t\t\t\t<div class=\"elementor-toggle\">\n\t\t\t\t\t\t\t<div class=\"elementor-toggle-item\">\n\t\t\t\t\t<div id=\"elementor-tab-title-2461\" class=\"elementor-tab-title\" data-tab=\"1\" role=\"button\" aria-controls=\"elementor-tab-content-2461\" aria-expanded=\"false\">\n\t\t\t\t\t\t\t\t\t\t\t\t<span class=\"elementor-toggle-icon elementor-toggle-icon-left\" aria-hidden=\"true\">\n\t\t\t\t\t\t\t\t\t\t\t\t\t\t\t<span class=\"elementor-toggle-icon-closed\"><i class=\"fas fa-caret-right\"><\/i><\/span>\n\t\t\t\t\t\t\t\t<span class=\"elementor-toggle-icon-opened\"><i class=\"elementor-toggle-icon-opened fas fa-caret-up\"><\/i><\/span>\n\t\t\t\t\t\t\t\t\t\t\t\t\t<\/span>\n\t\t\t\t\t\t\t\t\t\t\t\t<a class=\"elementor-toggle-title\" tabindex=\"0\">Quelles \u00e9coles peuvent accueillir les enfants frontaliers \u00e0 Gen\u00e8ve ?<\/a>\n\t\t\t\t\t<\/div>\n\n\t\t\t\t\t<div id=\"elementor-tab-content-2461\" class=\"elementor-tab-content elementor-clearfix\" data-tab=\"1\" role=\"region\" aria-labelledby=\"elementor-tab-title-2461\"><p data-start=\"245\" data-end=\"708\">Les enfants frontaliers peuvent fr\u00e9quenter les \u00e9coles publiques genevoises sous certaines conditions ou s\u2019orienter vers des \u00e9tablissements priv\u00e9s et internationaux. Les \u00e9coles publiques sont gratuites, tandis que les priv\u00e9es offrent souvent des programmes bilingues ou internationaux avec des frais plus \u00e9lev\u00e9s.<\/p><\/div>\n\t\t\t\t<\/div>\n\t\t\t\t\t\t\t<div class=\"elementor-toggle-item\">\n\t\t\t\t\t<div id=\"elementor-tab-title-2462\" class=\"elementor-tab-title\" data-tab=\"2\" role=\"button\" aria-controls=\"elementor-tab-content-2462\" aria-expanded=\"false\">\n\t\t\t\t\t\t\t\t\t\t\t\t<span class=\"elementor-toggle-icon elementor-toggle-icon-left\" aria-hidden=\"true\">\n\t\t\t\t\t\t\t\t\t\t\t\t\t\t\t<span class=\"elementor-toggle-icon-closed\"><i class=\"fas fa-caret-right\"><\/i><\/span>\n\t\t\t\t\t\t\t\t<span class=\"elementor-toggle-icon-opened\"><i class=\"elementor-toggle-icon-opened fas fa-caret-up\"><\/i><\/span>\n\t\t\t\t\t\t\t\t\t\t\t\t\t<\/span>\n\t\t\t\t\t\t\t\t\t\t\t\t<a class=\"elementor-toggle-title\" tabindex=\"0\">Quelles d\u00e9marches administratives sont n\u00e9cessaires pour inscrire un enfant frontalier ?<\/a>\n\t\t\t\t\t<\/div>\n\n\t\t\t\t\t<div id=\"elementor-tab-content-2462\" class=\"elementor-tab-content elementor-clearfix\" data-tab=\"2\" role=\"region\" aria-labelledby=\"elementor-tab-title-2462\"><p data-start=\"715\" data-end=\"1167\">Il faut fournir un justificatif de r\u00e9sidence, un acte de naissance, un certificat de vaccination et parfois un test de langue. Certaines \u00e9coles ont \u00e9galement des listes d\u2019attente ou des crit\u00e8res sp\u00e9cifiques selon le cycle scolaire.<\/p><\/div>\n\t\t\t\t<\/div>\n\t\t\t\t\t\t\t<div class=\"elementor-toggle-item\">\n\t\t\t\t\t<div id=\"elementor-tab-title-2463\" class=\"elementor-tab-title\" data-tab=\"3\" role=\"button\" aria-controls=\"elementor-tab-content-2463\" aria-expanded=\"false\">\n\t\t\t\t\t\t\t\t\t\t\t\t<span class=\"elementor-toggle-icon elementor-toggle-icon-left\" aria-hidden=\"true\">\n\t\t\t\t\t\t\t\t\t\t\t\t\t\t\t<span class=\"elementor-toggle-icon-closed\"><i class=\"fas fa-caret-right\"><\/i><\/span>\n\t\t\t\t\t\t\t\t<span class=\"elementor-toggle-icon-opened\"><i class=\"elementor-toggle-icon-opened fas fa-caret-up\"><\/i><\/span>\n\t\t\t\t\t\t\t\t\t\t\t\t\t<\/span>\n\t\t\t\t\t\t\t\t\t\t\t\t<a class=\"elementor-toggle-title\" tabindex=\"0\">Comment g\u00e9rer la logistique et le transport quotidien pour un enfant frontalier ?<\/a>\n\t\t\t\t\t<\/div>\n\n\t\t\t\t\t<div id=\"elementor-tab-content-2463\" class=\"elementor-tab-content elementor-clearfix\" data-tab=\"3\" role=\"region\" aria-labelledby=\"elementor-tab-title-2463\"><p data-start=\"1258\" data-end=\"1709\">Le trajet domicile-\u00e9cole peut influencer le choix de l\u2019\u00e9tablissement et la vie familiale. Les transports publics suisses sont fiables, mais la dur\u00e9e et les correspondances doivent \u00eatre \u00e9valu\u00e9es.<\/p><\/div>\n\t\t\t\t<\/div>\n\t\t\t\t\t\t\t<div class=\"elementor-toggle-item\">\n\t\t\t\t\t<div id=\"elementor-tab-title-2464\" class=\"elementor-tab-title\" data-tab=\"4\" role=\"button\" aria-controls=\"elementor-tab-content-2464\" aria-expanded=\"false\">\n\t\t\t\t\t\t\t\t\t\t\t\t<span class=\"elementor-toggle-icon elementor-toggle-icon-left\" aria-hidden=\"true\">\n\t\t\t\t\t\t\t\t\t\t\t\t\t\t\t<span class=\"elementor-toggle-icon-closed\"><i class=\"fas fa-caret-right\"><\/i><\/span>\n\t\t\t\t\t\t\t\t<span class=\"elementor-toggle-icon-opened\"><i class=\"elementor-toggle-icon-opened fas fa-caret-up\"><\/i><\/span>\n\t\t\t\t\t\t\t\t\t\t\t\t\t<\/span>\n\t\t\t\t\t\t\t\t\t\t\t\t<a class=\"elementor-toggle-title\" tabindex=\"0\">Quels co\u00fbts doivent anticiper les familles frontali\u00e8res ?<\/a>\n\t\t\t\t\t<\/div>\n\n\t\t\t\t\t<div id=\"elementor-tab-content-2464\" class=\"elementor-tab-content elementor-clearfix\" data-tab=\"4\" role=\"region\" aria-labelledby=\"elementor-tab-title-2464\"><p data-start=\"980\" data-end=\"1160\">M\u00eame dans les \u00e9coles publiques, il faut pr\u00e9voir le mat\u00e9riel scolaire, la cantine, les activit\u00e9s extrascolaires et parfois des frais de transport. Certaines aides ou subventions sont disponibles pour les familles frontali\u00e8res selon le DIP ou la commune.<\/p><\/div>\n\t\t\t\t<\/div>\n\t\t\t\t\t\t\t<div class=\"elementor-toggle-item\">\n\t\t\t\t\t<div id=\"elementor-tab-title-2465\" class=\"elementor-tab-title\" data-tab=\"5\" role=\"button\" aria-controls=\"elementor-tab-content-2465\" aria-expanded=\"false\">\n\t\t\t\t\t\t\t\t\t\t\t\t<span class=\"elementor-toggle-icon elementor-toggle-icon-left\" aria-hidden=\"true\">\n\t\t\t\t\t\t\t\t\t\t\t\t\t\t\t<span class=\"elementor-toggle-icon-closed\"><i class=\"fas fa-caret-right\"><\/i><\/span>\n\t\t\t\t\t\t\t\t<span class=\"elementor-toggle-icon-opened\"><i class=\"elementor-toggle-icon-opened fas fa-caret-up\"><\/i><\/span>\n\t\t\t\t\t\t\t\t\t\t\t\t\t<\/span>\n\t\t\t\t\t\t\t\t\t\t\t\t<a class=\"elementor-toggle-title\" tabindex=\"0\">Comment pr\u00e9parer un enfant \u00e0 la scolarisation transfrontali\u00e8re ?<\/a>\n\t\t\t\t\t<\/div>\n\n\t\t\t\t\t<div id=\"elementor-tab-content-2465\" class=\"elementor-tab-content elementor-clearfix\" data-tab=\"5\" role=\"region\" aria-labelledby=\"elementor-tab-title-2465\"><p data-start=\"2034\" data-end=\"2468\">S\u2019adapter \u00e0 un syst\u00e8me bilingue et \u00e0 des m\u00e9thodes diff\u00e9rentes peut \u00eatre un d\u00e9fi. La motivation, la pr\u00e9paration linguistique et le suivi r\u00e9gulier avec les enseignants sont essentiels pour r\u00e9ussir.<\/p><\/div>\n\t\t\t\t<\/div>\n\t\t\t\t\t\t\t\t<\/div>\n\t\t\t\t\t\t<\/div>\n\t\t\t\t<\/div>\n\t\t\t\t<div class=\"elementor-element elementor-element-39631d5 elementor-widget elementor-widget-html\" data-id=\"39631d5\" data-element_type=\"widget\" data-e-type=\"widget\" data-widget_type=\"html.default\">\n\t\t\t\t<div class=\"elementor-widget-container\">\n\t\t\t\t\t<!-- Conseil Banner -->\r\n<div class=\"hf-banner\">\r\n  <h3>Besoin d\u2019un conseil ? <\/h3>\r\n  <p>\r\n    Vous avez des questions ? Contactez nous !<br \/>\r\n    Nous pourrons vous r\u00e9pondre par email ou par t\u00e9l\u00e9phone. Nos services accompagnent de nombreux frontaliers dans leurs d\u00e9marches administratives, sant\u00e9 etc... \r\n  <\/p>\r\n  <a href=\"\/en\/nous-contacter\/\" class=\"hf-btn\">Contact<\/a>\r\n<\/div>\r\n\r\n<style>\r\n  .hf-banner {\r\n    background:#234981; \/* bleu de fond *\/\r\n    border-radius:14px;\r\n    padding:32px 24px;\r\n    text-align:center;\r\n    color:#fff;\r\n    max-width:880px;\r\n    margin:20px auto;\r\n    font-family:\"Poppins\", system-ui, sans-serif;\r\n  }\r\n\r\n  .hf-banner h3 {\r\n    margin:0 0 16px;\r\n    font-size:20px;\r\n    font-weight:700;\r\n    color:#fff; \/* titre en blanc *\/\r\n  }\r\n\r\n  .hf-banner p {\r\n    font-size:14px;\r\n    line-height:1.6;\r\n    margin:0 0 20px;\r\n  }\r\n\r\n  .hf-btn {\r\n    display:inline-block;\r\n    background:#fff;\r\n    color:#000;\r\n    font-size:15px;\r\n    font-weight:600;\r\n    text-decoration:none;\r\n    padding:5px 38px; \/* plus grand padding *\/\r\n    border-radius:40px; \/* arrondi style pill *\/\r\n    box-shadow:0 3px 8px rgba(0,0,0,0.15);\r\n    transition:all .25s ease;\r\n  }\r\n\r\n  .hf-btn:hover {\r\n    background:#f5f5f5;\r\n    color:#234981;\r\n  }\r\n<\/style>\r\n\t\t\t\t<\/div>\n\t\t\t\t<\/div>\n\t\t\t\t\t<\/div>\n\t\t\t\t<\/div>\n\t\t\t\t<\/div>","protected":false},"excerpt":{"rendered":"<p>Comprendre le syst\u00e8me scolaire genevois Le syst\u00e8me scolaire genevois se divise en plusieurs cycles : l\u2019\u00e9cole enfantine (3 \u00e0 6 ans), l\u2019\u00e9cole primaire (6 \u00e0 12 ans) et le cycle secondaire (12 \u00e0 15 ans), avec des options d\u2019orientation vers le secondaire II pour la voie g\u00e9n\u00e9rale ou professionnelle. Les programmes sont r\u00e9glement\u00e9s par le [&hellip;]<\/p>\n","protected":false},"author":3,"featured_media":70573,"comment_status":"open","ping_status":"closed","sticky":false,"template":"","format":"standard","meta":{"_hf_hero_excerpt":"Pour les familles frontali\u00e8res, la scolarisation des enfants \u00e0 Gen\u00e8ve repr\u00e9sente \u00e0 la fois une opportunit\u00e9 et un d\u00e9fi. Entre le choix des \u00e9tablissements, les diff\u00e9rences de programmes scolaires, et la logistique transfrontali\u00e8re, chaque d\u00e9cision a un impact sur l\u2019\u00e9ducation, l\u2019organisation familiale et parfois m\u00eame sur le budget. Ce guide vous accompagne \u00e0 travers les \u00e9tapes cl\u00e9s pour pr\u00e9parer la scolarisation de vos enfants, avec des conseils pratiques pour maximiser les avantages et \u00e9viter les pi\u00e8ges.","_hf_hero_enabled":true,"footnotes":""},"categories":[113],"tags":[109],"class_list":["post-70571","post","type-post","status-publish","format-standard","has-post-thumbnail","hentry","category-guides","tag-suisse-scolarite-frontalier"],"_links":{"self":[{"href":"https:\/\/helpfrontaliers.ch\/en\/wp-json\/wp\/v2\/posts\/70571","targetHints":{"allow":["GET"]}}],"collection":[{"href":"https:\/\/helpfrontaliers.ch\/en\/wp-json\/wp\/v2\/posts"}],"about":[{"href":"https:\/\/helpfrontaliers.ch\/en\/wp-json\/wp\/v2\/types\/post"}],"author":[{"embeddable":true,"href":"https:\/\/helpfrontaliers.ch\/en\/wp-json\/wp\/v2\/users\/3"}],"replies":[{"embeddable":true,"href":"https:\/\/helpfrontaliers.ch\/en\/wp-json\/wp\/v2\/comments?post=70571"}],"version-history":[{"count":0,"href":"https:\/\/helpfrontaliers.ch\/en\/wp-json\/wp\/v2\/posts\/70571\/revisions"}],"wp:featuredmedia":[{"embeddable":true,"href":"https:\/\/helpfrontaliers.ch\/en\/wp-json\/wp\/v2\/media\/70573"}],"wp:attachment":[{"href":"https:\/\/helpfrontaliers.ch\/en\/wp-json\/wp\/v2\/media?parent=70571"}],"wp:term":[{"taxonomy":"category","embeddable":true,"href":"https:\/\/helpfrontaliers.ch\/en\/wp-json\/wp\/v2\/categories?post=70571"},{"taxonomy":"post_tag","embeddable":true,"href":"https:\/\/helpfrontaliers.ch\/en\/wp-json\/wp\/v2\/tags?post=70571"}],"curies":[{"name":"wp","href":"https:\/\/api.w.org\/{rel}","templated":true}]}}